{"id":5561,"date":"2016-07-20T09:08:34","date_gmt":"2016-07-20T12:08:34","guid":{"rendered":"http:\/\/www.correio24horas.com.br\/blogs\/mesalte\/?p=5561"},"modified":"2016-07-20T09:18:35","modified_gmt":"2016-07-20T12:18:35","slug":"alinne-rosa-e-preta-gil-fazem-show-juntas-no-armazem-hall-dia-30","status":"publish","type":"post","link":"https:\/\/blogs.correio24horas.com.br\/mesalte\/alinne-rosa-e-preta-gil-fazem-show-juntas-no-armazem-hall-dia-30\/","title":{"rendered":"Alinne Rosa e Preta Gil fazem show juntas no Armaz\u00e9m Hall no dia 30 julho"},"content":{"rendered":"<p>Duas cantoras babadeiras v\u00e3o animar a noite do pr\u00f3ximo s\u00e1bado (30)\u00c2\u00a0no Armaz\u00e9m Hall, em Vilas do Atl\u00e2ntico.\u00c2\u00a0Alinne Rosa vai comandar\u00c2\u00a0com Preta Gil \u00c2\u00a0n a partir das 22h o encontro intitulado de &#8220;A Festa&#8221;. Os ingressos variam de R$ 60 a R$ 100.\u00c2\u00a0No show, Alinne Rosa vai mostrar can\u00e7\u00f5es do seu primeiro DVD em carreira solo, gravado recentemente, no Rio Vermelho. O repert\u00f3rio inclui hits de sua autoria, como Pa\u00eds da Fantasia e Isso Aqui \u00e9 Salvador, al\u00e9m dos sucessos Estilo Meu e Complicamos Demais. J\u00e1 a filha de Gilberto Gil apresenta m\u00fasicas do CD Bloco da Preta, gravado em 2014.<\/p>\n<p><strong>Vamos lacrar com a Preta?<\/strong><br \/>\n<iframe loading=\"lazy\" src=\"https:\/\/www.youtube.com\/embed\/i12aTXUYY0k\" width=\"560\" height=\"315\" frameborder=\"0\" allowfullscreen=\"allowfullscreen\"><\/iframe><\/p>\n<p><strong>E com a Alinne?<\/strong><br \/>\n<iframe loading=\"lazy\" src=\"https:\/\/www.youtube.com\/embed\/JVj7_icU0Ws\" width=\"560\" height=\"315\" frameborder=\"0\" allowfullscreen=\"allowfullscreen\"><\/iframe><\/p>\n<p><em>Servi\u00e7o:<\/em><br \/>\nEntrada: R$ 60 (Pista); R$ 80 (\u00c3\u0081rea VIP); R$ 100 (Camarote)<br \/>\nOnde comprar? Nos balc\u00f5es dos shoppings<br \/>\nInforma\u00e7\u00f5es: (71) 3379-5360<\/p>\n","protected":false},"excerpt":{"rendered":"<p>Duas cantoras babadeiras v\u00e3o animar a noite do pr\u00f3ximo s\u00e1bado (30)\u00c2\u00a0no Armaz\u00e9m Hall, em Vilas do Atl\u00e2ntico.\u00c2\u00a0Alinne Rosa vai comandar\u00c2\u00a0com Preta Gil \u00c2\u00a0n a partir das [&hellip;]<\/p>\n","protected":false},"author":1,"featured_media":3774,"comment_status":"open","ping_status":"open","sticky":false,"template":"","format":"image","meta":{"footnotes":""},"categories":[28,80,16],"tags":[],"class_list":["post-5561","post","type-post","status-publish","format-image","has-post-thumbnail","hentry","category-farofa-digital","category-home","category-me-jogo","post_format-post-format-image"],"_links":{"self":[{"href":"https:\/\/blogs.correio24horas.com.br\/mesalte\/wp-json\/wp\/v2\/posts\/5561","targetHints":{"allow":["GET"]}}],"collection":[{"href":"https:\/\/blogs.correio24horas.com.br\/mesalte\/wp-json\/wp\/v2\/posts"}],"about":[{"href":"https:\/\/blogs.correio24horas.com.br\/mesalte\/wp-json\/wp\/v2\/types\/post"}],"author":[{"embeddable":true,"href":"https:\/\/blogs.correio24horas.com.br\/mesalte\/wp-json\/wp\/v2\/users\/1"}],"replies":[{"embeddable":true,"href":"https:\/\/blogs.correio24horas.com.br\/mesalte\/wp-json\/wp\/v2\/comments?post=5561"}],"version-history":[{"count":2,"href":"https:\/\/blogs.correio24horas.com.br\/mesalte\/wp-json\/wp\/v2\/posts\/5561\/revisions"}],"predecessor-version":[{"id":5563,"href":"https:\/\/blogs.correio24horas.com.br\/mesalte\/wp-json\/wp\/v2\/posts\/5561\/revisions\/5563"}],"wp:featuredmedia":[{"embeddable":true,"href":"https:\/\/blogs.correio24horas.com.br\/mesalte\/wp-json\/wp\/v2\/media\/3774"}],"wp:attachment":[{"href":"https:\/\/blogs.correio24horas.com.br\/mesalte\/wp-json\/wp\/v2\/media?parent=5561"}],"wp:term":[{"taxonomy":"category","embeddable":true,"href":"https:\/\/blogs.correio24horas.com.br\/mesalte\/wp-json\/wp\/v2\/categories?post=5561"},{"taxonomy":"post_tag","embeddable":true,"href":"https:\/\/blogs.correio24horas.com.br\/mesalte\/wp-json\/wp\/v2\/tags?post=5561"}],"curies":[{"name":"wp","href":"https:\/\/api.w.org\/{rel}","templated":true}]}}