{"id":5542,"date":"2016-07-19T10:10:40","date_gmt":"2016-07-19T13:10:40","guid":{"rendered":"http:\/\/www.correio24horas.com.br\/blogs\/mesalte\/?p=5542"},"modified":"2016-07-19T10:15:54","modified_gmt":"2016-07-19T13:15:54","slug":"or-de-velho-chico-irandhir-santos-e-matheus-nachtergaele-viverao-casal-gay-no-cinema","status":"publish","type":"post","link":"https:\/\/blogs.correio24horas.com.br\/mesalte\/or-de-velho-chico-irandhir-santos-e-matheus-nachtergaele-viverao-casal-gay-no-cinema\/","title":{"rendered":"Ator de Velho Chico, Irandhir Santos, e Matheus Nachtergaele viver\u00e3o casal gay no cinema"},"content":{"rendered":"<p>Os atores Matheus Nachtergaele e Irandhir Santos, que est\u00e1 no ar na novela Velho Chico, viver\u00e3o um casal gay no filme Piedade, do diretor pernambucano Cl\u00e1udio Assis.\u00c2\u00a0O filme, segundo o colunista Bruno Astuto da revista \u00c9poca, ser\u00e1 rodado em novembro.<\/p>\n<div id=\"attachment_5543\" style=\"width: 429px\" class=\"wp-caption aligncenter\"><img loading=\"lazy\" decoding=\"async\" aria-describedby=\"caption-attachment-5543\" class=\"size-full wp-image-5543\" src=\"http:\/\/www.correio24horas.com.br\/blogs\/mesalte\/wp-content\/uploads\/2016\/07\/beijo-matheus.jpg\" alt=\"Matheus e Irandhir\" width=\"419\" height=\"274\" srcset=\"https:\/\/blogs.correio24h.com.br\/mesalte\/wp-content\/uploads\/2016\/07\/beijo-matheus.jpg 419w, https:\/\/blogs.correio24h.com.br\/mesalte\/wp-content\/uploads\/2016\/07\/beijo-matheus-300x196.jpg 300w, https:\/\/blogs.correio24h.com.br\/mesalte\/wp-content\/uploads\/2016\/07\/beijo-matheus-223x146.jpg 223w, https:\/\/blogs.correio24h.com.br\/mesalte\/wp-content\/uploads\/2016\/07\/beijo-matheus-50x33.jpg 50w, https:\/\/blogs.correio24h.com.br\/mesalte\/wp-content\/uploads\/2016\/07\/beijo-matheus-115x75.jpg 115w\" sizes=\"auto, (max-width: 419px) 100vw, 419px\" \/><p id=\"caption-attachment-5543\" class=\"wp-caption-text\">Matheus e Irandhir<\/p><\/div>\n<p>&#8220;A gente est\u00e1 adorando isso. Encontrei com o Irandhir no R\u00e9veillon e disse a ele: &#8216;A gente vai se pegar legal, hein!'&#8221;, contou Matheus \u00e0 \u00a0 publica\u00e7\u00e3o. O filme ter\u00e1 como tema central a tradi\u00e7\u00e3o. Ainda n\u00e3o h\u00e1 previs\u00e3o de quando a ser\u00e1 a estreia do filme.<\/p>\n","protected":false},"excerpt":{"rendered":"<p>Os atores Matheus Nachtergaele e Irandhir Santos, que est\u00e1 no ar na novela Velho Chico, viver\u00e3o um casal gay no filme Piedade, do diretor pernambucano Cl\u00e1udio [&hellip;]<\/p>\n","protected":false},"author":1,"featured_media":5544,"comment_status":"open","ping_status":"open","sticky":false,"template":"","format":"image","meta":{"footnotes":""},"categories":[28,80],"tags":[],"class_list":["post-5542","post","type-post","status-publish","format-image","has-post-thumbnail","hentry","category-farofa-digital","category-home","post_format-post-format-image"],"_links":{"self":[{"href":"https:\/\/blogs.correio24horas.com.br\/mesalte\/wp-json\/wp\/v2\/posts\/5542","targetHints":{"allow":["GET"]}}],"collection":[{"href":"https:\/\/blogs.correio24horas.com.br\/mesalte\/wp-json\/wp\/v2\/posts"}],"about":[{"href":"https:\/\/blogs.correio24horas.com.br\/mesalte\/wp-json\/wp\/v2\/types\/post"}],"author":[{"embeddable":true,"href":"https:\/\/blogs.correio24horas.com.br\/mesalte\/wp-json\/wp\/v2\/users\/1"}],"replies":[{"embeddable":true,"href":"https:\/\/blogs.correio24horas.com.br\/mesalte\/wp-json\/wp\/v2\/comments?post=5542"}],"version-history":[{"count":2,"href":"https:\/\/blogs.correio24horas.com.br\/mesalte\/wp-json\/wp\/v2\/posts\/5542\/revisions"}],"predecessor-version":[{"id":5546,"href":"https:\/\/blogs.correio24horas.com.br\/mesalte\/wp-json\/wp\/v2\/posts\/5542\/revisions\/5546"}],"wp:featuredmedia":[{"embeddable":true,"href":"https:\/\/blogs.correio24horas.com.br\/mesalte\/wp-json\/wp\/v2\/media\/5544"}],"wp:attachment":[{"href":"https:\/\/blogs.correio24horas.com.br\/mesalte\/wp-json\/wp\/v2\/media?parent=5542"}],"wp:term":[{"taxonomy":"category","embeddable":true,"href":"https:\/\/blogs.correio24horas.com.br\/mesalte\/wp-json\/wp\/v2\/categories?post=5542"},{"taxonomy":"post_tag","embeddable":true,"href":"https:\/\/blogs.correio24horas.com.br\/mesalte\/wp-json\/wp\/v2\/tags?post=5542"}],"curies":[{"name":"wp","href":"https:\/\/api.w.org\/{rel}","templated":true}]}}