{"id":5530,"date":"2016-07-18T14:58:26","date_gmt":"2016-07-18T17:58:26","guid":{"rendered":"http:\/\/www.correio24horas.com.br\/blogs\/mesalte\/?p=5530"},"modified":"2016-07-18T14:59:20","modified_gmt":"2016-07-18T17:59:20","slug":"morador-da-liberdade-designer-grafico-vence-concurso-miss-gay-pernambues-2016","status":"publish","type":"post","link":"https:\/\/blogs.correio24horas.com.br\/mesalte\/morador-da-liberdade-designer-grafico-vence-concurso-miss-gay-pernambues-2016\/","title":{"rendered":"Morador da Liberdade, designer gr\u00e1fico vence concurso Miss Gay Pernambu\u00e9s 2016"},"content":{"rendered":"<p>O designer gr\u00e1fico Islan Telles, de 20 anos, que \u00e9 morador do bairro da Liberdade, em Salvador, venceu na noite de ontem o concurso Miss Gay\u00c2\u00a0Pernambu\u00e9s \u00c2\u00a02016. Islan desfilou com sua personagem Cindy Winks, que existe desde quando ele tinha 15 anos.\u00c2\u00a0Esse \u00e9 o primeiro concurso que Islam vence como Cindy.&#8221;Eu acho maravilhoso representar o bairro de Pernambu\u00e9s. Para n\u00f3s LGBTs temos que mostrar que n\u00e3o somos minoria e sim a diferen\u00e7a&#8221;, diz a nova miss.<\/p>\n\n\t\t\t<style type='text\/css'>\n\t\t\t\t#gallery-1 {\n\t\t\t\t\tmargin: auto;\n\t\t\t\t}\n\t\t\t\t#gallery-1 .gallery-item {\n\t\t\t\t\tfloat: left;\n\t\t\t\t\tmargin-top: 10px;\n\t\t\t\t\ttext-align: center;\n\t\t\t\t\twidth: 33.33%;\n\t\t\t\t}\n\t\t\t\t#gallery-1 img {\n\t\t\t\t\tborder: 2px solid #cfcfcf;\n\t\t\t\t}\n\t\t\t\t#gallery-1 .gallery-caption {\n\t\t\t\t\tmargin-left: 0;\n\t\t\t\t}\n\t\t\t\t\/* see gallery_shortcode() in wp-includes\/media.php *\/\n\t\t\t<\/style>\n\t\t<div id='gallery-1' class='gallery galleryid-5530 gallery-columns-3 gallery-size-medium file'><dl class='gallery-item'>\n\t\t\t\t<dt class='gallery-icon portrait'>\n\t\t\t\t\t<a href='https:\/\/blogs.correio24h.com.br\/mesalte\/wp-content\/uploads\/2016\/07\/Cindy-1.jpg'><img loading=\"lazy\" decoding=\"async\" width=\"169\" height=\"300\" src=\"https:\/\/blogs.correio24h.com.br\/mesalte\/wp-content\/uploads\/2016\/07\/Cindy-1-169x300.jpg\" class=\"attachment-medium size-medium\" alt=\"\" srcset=\"https:\/\/blogs.correio24h.com.br\/mesalte\/wp-content\/uploads\/2016\/07\/Cindy-1-169x300.jpg 169w, https:\/\/blogs.correio24h.com.br\/mesalte\/wp-content\/uploads\/2016\/07\/Cindy-1-82x146.jpg 82w, https:\/\/blogs.correio24h.com.br\/mesalte\/wp-content\/uploads\/2016\/07\/Cindy-1-28x50.jpg 28w, https:\/\/blogs.correio24h.com.br\/mesalte\/wp-content\/uploads\/2016\/07\/Cindy-1-42x75.jpg 42w, https:\/\/blogs.correio24h.com.br\/mesalte\/wp-content\/uploads\/2016\/07\/Cindy-1.jpg 540w\" sizes=\"auto, (max-width: 169px) 100vw, 169px\" \/><\/a>\n\t\t\t\t<\/dt><\/dl><dl class='gallery-item'>\n\t\t\t\t<dt class='gallery-icon portrait'>\n\t\t\t\t\t<a href='https:\/\/blogs.correio24h.com.br\/mesalte\/wp-content\/uploads\/2016\/07\/Cindy3.jpg'><img loading=\"lazy\" decoding=\"async\" width=\"169\" height=\"300\" src=\"https:\/\/blogs.correio24h.com.br\/mesalte\/wp-content\/uploads\/2016\/07\/Cindy3-169x300.jpg\" class=\"attachment-medium size-medium\" alt=\"\" srcset=\"https:\/\/blogs.correio24h.com.br\/mesalte\/wp-content\/uploads\/2016\/07\/Cindy3-169x300.jpg 169w, https:\/\/blogs.correio24h.com.br\/mesalte\/wp-content\/uploads\/2016\/07\/Cindy3-82x146.jpg 82w, https:\/\/blogs.correio24h.com.br\/mesalte\/wp-content\/uploads\/2016\/07\/Cindy3-28x50.jpg 28w, https:\/\/blogs.correio24h.com.br\/mesalte\/wp-content\/uploads\/2016\/07\/Cindy3-42x75.jpg 42w, https:\/\/blogs.correio24h.com.br\/mesalte\/wp-content\/uploads\/2016\/07\/Cindy3.jpg 540w\" sizes=\"auto, (max-width: 169px) 100vw, 169px\" \/><\/a>\n\t\t\t\t<\/dt><\/dl>\n\t\t\t\t<br style='clear: both' \/>\n\t\t\t<\/div>\n\n<p>Essa foi a segunda edi\u00e7\u00e3o do concurso que \u00e9 organizado por Tuka Perez em parceria com o Grupo Gay de Pernambu\u00e9s.\u00c2\u00a0&#8220;Sempre tive e tenho sonho de ser uma miss&#8221;, diz Islan que tamb\u00e9m trabalha como maquiador e estilista. Inclusive, o vestido que usou foi produzido por ele mesmo dentro da sua produ\u00e7\u00e3o no<a href=\"https:\/\/www.facebook.com\/byislantelles\/\" target=\"_blank\"> Atelier Islan Telles<\/a>.\u00c2\u00a0A pe\u00e7a foi a mesma usada por Cindy, no in\u00edcio do m\u00eas, no concurso Miss Bahia Gay 2016, onde ela conquistou o 5\u00ba lugar e o vestido foi eleito um dos tr\u00eas melhores da noite.<\/p>\n<p>&nbsp;<\/p>\n<p>&nbsp;<\/p>\n","protected":false},"excerpt":{"rendered":"<p>O designer gr\u00e1fico Islan Telles, de 20 anos, que \u00e9 morador do bairro da Liberdade, em Salvador, venceu na noite de ontem o concurso Miss Gay\u00c2\u00a0Pernambu\u00e9s [&hellip;]<\/p>\n","protected":false},"author":1,"featured_media":5531,"comment_status":"open","ping_status":"open","sticky":false,"template":"","format":"image","meta":{"footnotes":""},"categories":[80,25],"tags":[],"class_list":["post-5530","post","type-post","status-publish","format-image","has-post-thumbnail","hentry","category-home","category-me-transformo","post_format-post-format-image"],"_links":{"self":[{"href":"https:\/\/blogs.correio24horas.com.br\/mesalte\/wp-json\/wp\/v2\/posts\/5530","targetHints":{"allow":["GET"]}}],"collection":[{"href":"https:\/\/blogs.correio24horas.com.br\/mesalte\/wp-json\/wp\/v2\/posts"}],"about":[{"href":"https:\/\/blogs.correio24horas.com.br\/mesalte\/wp-json\/wp\/v2\/types\/post"}],"author":[{"embeddable":true,"href":"https:\/\/blogs.correio24horas.com.br\/mesalte\/wp-json\/wp\/v2\/users\/1"}],"replies":[{"embeddable":true,"href":"https:\/\/blogs.correio24horas.com.br\/mesalte\/wp-json\/wp\/v2\/comments?post=5530"}],"version-history":[{"count":2,"href":"https:\/\/blogs.correio24horas.com.br\/mesalte\/wp-json\/wp\/v2\/posts\/5530\/revisions"}],"predecessor-version":[{"id":5535,"href":"https:\/\/blogs.correio24horas.com.br\/mesalte\/wp-json\/wp\/v2\/posts\/5530\/revisions\/5535"}],"wp:featuredmedia":[{"embeddable":true,"href":"https:\/\/blogs.correio24horas.com.br\/mesalte\/wp-json\/wp\/v2\/media\/5531"}],"wp:attachment":[{"href":"https:\/\/blogs.correio24horas.com.br\/mesalte\/wp-json\/wp\/v2\/media?parent=5530"}],"wp:term":[{"taxonomy":"category","embeddable":true,"href":"https:\/\/blogs.correio24horas.com.br\/mesalte\/wp-json\/wp\/v2\/categories?post=5530"},{"taxonomy":"post_tag","embeddable":true,"href":"https:\/\/blogs.correio24horas.com.br\/mesalte\/wp-json\/wp\/v2\/tags?post=5530"}],"curies":[{"name":"wp","href":"https:\/\/api.w.org\/{rel}","templated":true}]}}