{"id":5451,"date":"2016-07-15T08:00:19","date_gmt":"2016-07-15T11:00:19","guid":{"rendered":"http:\/\/www.correio24horas.com.br\/blogs\/mesalte\/?p=5451"},"modified":"2016-07-14T16:06:50","modified_gmt":"2016-07-14T19:06:50","slug":"revista-de-estudos-indisciplinares-em-generos-e-sexualidades-sera-lancada-sabado-16","status":"publish","type":"post","link":"https:\/\/blogs.correio24horas.com.br\/mesalte\/revista-de-estudos-indisciplinares-em-generos-e-sexualidades-sera-lancada-sabado-16\/","title":{"rendered":"Revista de estudos indisciplinares em g\u00eaneros e sexualidades ser\u00e1 lan\u00e7ada s\u00e1bado (16)"},"content":{"rendered":"<p>A quinta edi\u00e7\u00e3o da Peri\u00f3dicus, revista de estudos indisciplinares em g\u00eaneros e sexualidades, do grupo de pesquisa em Cultura e Sexualidade (CUS), ser\u00e1 lan\u00e7ada no pr\u00f3ximo s\u00e1bado (16), \u00e0 \u00a0s 18h30, no audit\u00f3rio 2 do PAF 5 da Universidade Federal da Bahia.<\/p>\n<p>O lan\u00e7amento ocorrer\u00e1 durante a mesa redonda CUS produzem conhecimentos Dez anos de grupo de pesquisa Cultura e Sexualidade na UFBA, proposta por Leandro Colling e Ramon Fontes no Congresso de 70 anos da UFBA.<\/p>\n<p><em>A Peri\u00f3dicus \u00e9 uma revista online que pode ser acessada<\/em>\u00c2\u00a0<a href=\"http:\/\/www.portalseer.ufba.br\/index.php\/revistaperiodicus\/index\" target=\"_blank\">atrav\u00e9s desse link<\/a><\/p>\n<p>A quinta edi\u00e7\u00e3o da publica\u00e7\u00e3o conta com um dossi\u00ea sobre transidentidades e suas rela\u00e7\u00f5es com a psican\u00e1lise e a psicologia, organizado por Patricia Porchat, professora da Universidade Estadual Paulista J\u00falio de Mesquita Filho (campus Bauru), e Thamy Ayouch, professor da Universidade de Lille 3.<\/p>\n<p>Textos para o dossi\u00ea da sexta edi\u00e7\u00e3o da Peri\u00f3dicus, intitulado Genealogias exc\u00eantricas: pr\u00e1ticas art\u00edsticas queerfeministatrans e conhecimentos dessubjugados, organizado pelos pesquisadores Jo\u00e3o Manuel de Oliveira (ISCTE &#8211; Instituto Universit\u00e1rio de Lisboa) e Tiago Sant\u00c2\u00b4Ana (UFBA), podem ser enviados at\u00e9 o dia 11 de setembro.<a href=\"http:\/\/www.portalseer.ufba.br\/index.php\/revistaperiodicus\/announcement\/view\/127\" target=\"_blank\"> Confira a chamada completa aqui<\/a>.<\/p>\n","protected":false},"excerpt":{"rendered":"<p>A quinta edi\u00e7\u00e3o da Peri\u00f3dicus, revista de estudos indisciplinares em g\u00eaneros e sexualidades, do grupo de pesquisa em Cultura e Sexualidade (CUS), ser\u00e1 lan\u00e7ada no pr\u00f3ximo [&hellip;]<\/p>\n","protected":false},"author":1,"featured_media":5452,"comment_status":"open","ping_status":"open","sticky":false,"template":"","format":"image","meta":{"footnotes":""},"categories":[80,11],"tags":[],"class_list":["post-5451","post","type-post","status-publish","format-image","has-post-thumbnail","hentry","category-home","category-me-informo","post_format-post-format-image"],"_links":{"self":[{"href":"https:\/\/blogs.correio24horas.com.br\/mesalte\/wp-json\/wp\/v2\/posts\/5451","targetHints":{"allow":["GET"]}}],"collection":[{"href":"https:\/\/blogs.correio24horas.com.br\/mesalte\/wp-json\/wp\/v2\/posts"}],"about":[{"href":"https:\/\/blogs.correio24horas.com.br\/mesalte\/wp-json\/wp\/v2\/types\/post"}],"author":[{"embeddable":true,"href":"https:\/\/blogs.correio24horas.com.br\/mesalte\/wp-json\/wp\/v2\/users\/1"}],"replies":[{"embeddable":true,"href":"https:\/\/blogs.correio24horas.com.br\/mesalte\/wp-json\/wp\/v2\/comments?post=5451"}],"version-history":[{"count":1,"href":"https:\/\/blogs.correio24horas.com.br\/mesalte\/wp-json\/wp\/v2\/posts\/5451\/revisions"}],"predecessor-version":[{"id":5453,"href":"https:\/\/blogs.correio24horas.com.br\/mesalte\/wp-json\/wp\/v2\/posts\/5451\/revisions\/5453"}],"wp:featuredmedia":[{"embeddable":true,"href":"https:\/\/blogs.correio24horas.com.br\/mesalte\/wp-json\/wp\/v2\/media\/5452"}],"wp:attachment":[{"href":"https:\/\/blogs.correio24horas.com.br\/mesalte\/wp-json\/wp\/v2\/media?parent=5451"}],"wp:term":[{"taxonomy":"category","embeddable":true,"href":"https:\/\/blogs.correio24horas.com.br\/mesalte\/wp-json\/wp\/v2\/categories?post=5451"},{"taxonomy":"post_tag","embeddable":true,"href":"https:\/\/blogs.correio24horas.com.br\/mesalte\/wp-json\/wp\/v2\/tags?post=5451"}],"curies":[{"name":"wp","href":"https:\/\/api.w.org\/{rel}","templated":true}]}}