{"id":5439,"date":"2016-07-14T15:01:43","date_gmt":"2016-07-14T18:01:43","guid":{"rendered":"http:\/\/www.correio24horas.com.br\/blogs\/mesalte\/?p=5439"},"modified":"2016-07-18T09:23:39","modified_gmt":"2016-07-18T12:23:39","slug":"india-catarina-paraguacu-inspira-colecao-de-decoracao-em-salvador","status":"publish","type":"post","link":"https:\/\/blogs.correio24horas.com.br\/mesalte\/india-catarina-paraguacu-inspira-colecao-de-decoracao-em-salvador\/","title":{"rendered":"\u00c3\u008dndia Catarina Paragua\u00e7u inspira cole\u00e7\u00e3o de decora\u00e7\u00e3o em Salvador"},"content":{"rendered":"<p><u><\/u>A import\u00e2ncia da \u00edndia\u00c2\u00a0Catarina Paragua\u00e7u na hist\u00f3ria do Brasil \u00e9 a inspira\u00e7\u00e3o da nova cole\u00e7\u00e3o de decora\u00e7\u00e3o da loja<a href=\"http:\/\/www.toquedacasa.com.br\/\" target=\"_blank\"> Toque da Casa<\/a>, em Salvador, que ser\u00e1 lan\u00e7ada\u00c2\u00a0no\u00c2\u00a0dia 19 de julho, das 14h \u00e0 \u00a0s 19h. \u00c2\u00a0A refer\u00eancia ind\u00edgena foi o ponta p\u00e9 inicial para o tema da cole\u00e7\u00e3o, diante do interesse e curiosidade pelos caminhos que levam \u00e0 \u00a0 miscigena\u00e7\u00e3o, buscando na pr\u00f3pria hist\u00f3ria da Catarina Paragua\u00e7u um importante elo que liga as ra\u00e7as e suas forma\u00e7\u00f5es, j\u00e1 que a sua pr\u00f3pria trajet\u00f3ria foi feita de misturas em cruzamentos culturais\u009d, revela Tatiana Amorim que comanda a loja ao lado de Leandro Reis.<\/p>\n<p>Um dos destaques da nova cole\u00e7\u00e3o \u00e9\u00c2\u00a0o lan\u00e7amento de novos designers, a exemplo de Bruno Faucz, com a pe\u00e7a 14bis, especialista em design criativo.\u00c2\u00a0H\u00e1 tamb\u00e9m a Carol Gay, que desenvolve um trabalho moderno em vasos. As cer\u00e2micas levam a assinatura da capixaba, radicada em S\u00e3o Paulo, Heloisa Galv\u00e3o, especialista em impress\u00f5es fotogr\u00e1ficas, entre outras t\u00e9cnicas \u00c2\u00a0e Carolina Delleva que ir\u00e1 decorar alguns ambientes com cabe\u00e7as vasos.<\/p>\n<p>O foco da Toque da Casa, \u00e9 tamb\u00e9m,\u00c2\u00a0 mostrar uma Bahia elegante, inteligente, moderna, mas sem perder as influ\u00eancias do passado, que se revelam pela pr\u00f3pria hist\u00f3ria, extremamente atuais, explica um dos respons\u00e1veis pelo projeto, o decorador <strong>Bruno Carvalho<\/strong>, que h\u00e1 4 anos assina as produ\u00e7\u00f5es em parcerias da Toque da Casa.<\/p>\n<p><strong>Servi\u00e7o:<\/strong><br \/>\n&#8211; CATARINA DO BRASIL &#8211;<br \/>\nLan\u00e7amento da Nova Cole\u00e7\u00e3o da Toque da Casa (s\u00f3 para convidados)<br \/>\nQuando: 19 de julho,ter\u00e7a, das 14 \u00e0 \u00a0s 19h<br \/>\nOnde: Alameda das Espat\u00f3deas, 220 \u201c Caminho das \u00e0 \u0081rvores \u201c Salvador\/BA<\/p>\n<p>&nbsp;<\/p>\n","protected":false},"excerpt":{"rendered":"<p>A import\u00e2ncia da \u00edndia\u00c2\u00a0Catarina Paragua\u00e7u na hist\u00f3ria do Brasil \u00e9 a inspira\u00e7\u00e3o da nova cole\u00e7\u00e3o de decora\u00e7\u00e3o da loja Toque da Casa, em Salvador, que ser\u00e1 [&hellip;]<\/p>\n","protected":false},"author":1,"featured_media":5440,"comment_status":"open","ping_status":"open","sticky":false,"template":"","format":"image","meta":{"footnotes":""},"categories":[28,80],"tags":[],"class_list":["post-5439","post","type-post","status-publish","format-image","has-post-thumbnail","hentry","category-farofa-digital","category-home","post_format-post-format-image"],"_links":{"self":[{"href":"https:\/\/blogs.correio24horas.com.br\/mesalte\/wp-json\/wp\/v2\/posts\/5439","targetHints":{"allow":["GET"]}}],"collection":[{"href":"https:\/\/blogs.correio24horas.com.br\/mesalte\/wp-json\/wp\/v2\/posts"}],"about":[{"href":"https:\/\/blogs.correio24horas.com.br\/mesalte\/wp-json\/wp\/v2\/types\/post"}],"author":[{"embeddable":true,"href":"https:\/\/blogs.correio24horas.com.br\/mesalte\/wp-json\/wp\/v2\/users\/1"}],"replies":[{"embeddable":true,"href":"https:\/\/blogs.correio24horas.com.br\/mesalte\/wp-json\/wp\/v2\/comments?post=5439"}],"version-history":[{"count":2,"href":"https:\/\/blogs.correio24horas.com.br\/mesalte\/wp-json\/wp\/v2\/posts\/5439\/revisions"}],"predecessor-version":[{"id":5448,"href":"https:\/\/blogs.correio24horas.com.br\/mesalte\/wp-json\/wp\/v2\/posts\/5439\/revisions\/5448"}],"wp:featuredmedia":[{"embeddable":true,"href":"https:\/\/blogs.correio24horas.com.br\/mesalte\/wp-json\/wp\/v2\/media\/5440"}],"wp:attachment":[{"href":"https:\/\/blogs.correio24horas.com.br\/mesalte\/wp-json\/wp\/v2\/media?parent=5439"}],"wp:term":[{"taxonomy":"category","embeddable":true,"href":"https:\/\/blogs.correio24horas.com.br\/mesalte\/wp-json\/wp\/v2\/categories?post=5439"},{"taxonomy":"post_tag","embeddable":true,"href":"https:\/\/blogs.correio24horas.com.br\/mesalte\/wp-json\/wp\/v2\/tags?post=5439"}],"curies":[{"name":"wp","href":"https:\/\/api.w.org\/{rel}","templated":true}]}}