{"id":5410,"date":"2016-07-14T07:35:05","date_gmt":"2016-07-14T10:35:05","guid":{"rendered":"http:\/\/www.correio24horas.com.br\/blogs\/mesalte\/?p=5410"},"modified":"2016-07-14T10:14:04","modified_gmt":"2016-07-14T13:14:04","slug":"cantoras-baianas-se-manifestam-contra-lgbtfobia-e-convocam-fas-para-caminhada-em-salvador","status":"publish","type":"post","link":"https:\/\/blogs.correio24horas.com.br\/mesalte\/cantoras-baianas-se-manifestam-contra-lgbtfobia-e-convocam-fas-para-caminhada-em-salvador\/","title":{"rendered":"Cantoras baianas se manifestam contra LGBTfobia e convocam f\u00e3s para caminhada de protesto amanh\u00e3, em Salvador; veja v\u00eddeos e como participar"},"content":{"rendered":"<p><img loading=\"lazy\" decoding=\"async\" class=\"aligncenter size-full wp-image-5420\" src=\"http:\/\/www.correio24horas.com.br\/blogs\/mesalte\/wp-content\/uploads\/2016\/07\/interna_mesalte-1.jpg\" alt=\"interna_mesalte\" width=\"880\" height=\"500\" srcset=\"https:\/\/blogs.correio24h.com.br\/mesalte\/wp-content\/uploads\/2016\/07\/interna_mesalte-1.jpg 880w, https:\/\/blogs.correio24h.com.br\/mesalte\/wp-content\/uploads\/2016\/07\/interna_mesalte-1-300x170.jpg 300w, https:\/\/blogs.correio24h.com.br\/mesalte\/wp-content\/uploads\/2016\/07\/interna_mesalte-1-768x436.jpg 768w, https:\/\/blogs.correio24h.com.br\/mesalte\/wp-content\/uploads\/2016\/07\/interna_mesalte-1-257x146.jpg 257w, https:\/\/blogs.correio24h.com.br\/mesalte\/wp-content\/uploads\/2016\/07\/interna_mesalte-1-50x28.jpg 50w, https:\/\/blogs.correio24h.com.br\/mesalte\/wp-content\/uploads\/2016\/07\/interna_mesalte-1-132x75.jpg 132w\" sizes=\"auto, (max-width: 880px) 100vw, 880px\" \/><\/p>\n<p>A Bahia j\u00e1 teve, somente esse ano, 20 pessoas LGBTs (l\u00e9sbicas, gays,\u00c2\u00a0bisexuais,\u00c2\u00a0transexuais e transg\u00eaneros) mortas. O mais recente caso foi do produtor de eventos Leonardo Santiago Moura, 29\u00c2\u00a0anos, que morreu depois que foi atacado ao sair da boate San Sebastian no \u00faltimo final de semana. Para combater essa situa\u00e7\u00e3o de viol\u00eancia, nessa sexta-feira (15) movimentos e entidades da milit\u00e2ncia LGBT da Bahia realizam um ato, batizado de Chega de LGBTfobia, \u00e0 \u00a0s 18h, saindo da San Sebastian e indo em dire\u00e7\u00e3o \u00e0 \u00a0 igreja do Rio Vermelho.\u00c2\u00a0Sensibilizadas com a situa\u00e7\u00e3o, cantoras baianas &#8211; que s\u00e3o seguidas por milhares de LGBTs &#8211; divulgaram , nas suas redes sociais, v\u00eddeos e postagens pedindo o fim do preconceito e convocando seus seguidores para <a href=\"http:\/\/www.correio24horas.com.br\/blogs\/mesalte\/militancia-lgbt-realiza-ato-contra-a-violencia-apos-morte-de-produtor-em-ataque-homofobico\/\" target=\"_blank\">ir ao protesto.<\/a><\/p>\n<p>J\u00e1 divulgaram apoio Alinne Rosa, Ivete Sangalo, M\u00e1rcia Short, Carla Visi &#8211; <a href=\"http:\/\/www.correio24horas.com.br\/blogs\/mesalte\/boate-onde-produtor-de-eventos-gay-estava-antes-de-ser-espancado-e-morto-divulga-nota-de-repudio\/\" target=\"_blank\">a pedido do grupo San Sebastian<\/a> &#8211; e Daniela Mercury.\u00c2\u00a0A cantora Alinne Rosa, por exemplo, usou o aplicativo Snapchat, para manifestar sua indigna\u00e7\u00e3o com os ataques.\u00c2\u00a0&#8220;N\u00e3o consigo entender de onde vem tanto \u00f3dio gratuito (&#8230;) Essa luta \u00e9 nossa (&#8230;) precisamos gritar por amor e liberdade&#8221;, disse a cantora que \u00e9 moradora do bairro do Rio Vermelho. <strong>Veja abaixo o v\u00eddeo de Alinne:<\/strong><\/p>\n<p><iframe loading=\"lazy\" style=\"border: none; overflow: hidden;\" src=\"https:\/\/www.facebook.com\/plugins\/video.php?href=https%3A%2F%2Fwww.facebook.com%2Fmesalte%2Fvideos%2F1121364184591787%2F&amp;show_text=0&amp;width=400\" width=\"400\" height=\"400\" frameborder=\"0\" scrolling=\"no\" allowfullscreen=\"allowfullscreen\"><\/iframe><br \/>\nPor sua vez,\u00c2\u00a0Daniela Mercury, fez a convoca\u00e7\u00e3o e ainda colocou a imagem da capa do seu Facebook com o banner de divulga\u00e7\u00e3o da caminhada, que \u00e9 organizada por mais de 30 grupos.<\/p>\n<p><img loading=\"lazy\" decoding=\"async\" class=\"aligncenter size-large wp-image-5411\" src=\"http:\/\/www.correio24horas.com.br\/blogs\/mesalte\/wp-content\/uploads\/2016\/07\/Daniela-contra-a-LGBTfobia-1024x374.jpg\" alt=\"Daniela contra a LGBTfobia\" width=\"1024\" height=\"374\" srcset=\"https:\/\/blogs.correio24h.com.br\/mesalte\/wp-content\/uploads\/2016\/07\/Daniela-contra-a-LGBTfobia-1024x374.jpg 1024w, https:\/\/blogs.correio24h.com.br\/mesalte\/wp-content\/uploads\/2016\/07\/Daniela-contra-a-LGBTfobia-300x110.jpg 300w, https:\/\/blogs.correio24h.com.br\/mesalte\/wp-content\/uploads\/2016\/07\/Daniela-contra-a-LGBTfobia-768x280.jpg 768w, https:\/\/blogs.correio24h.com.br\/mesalte\/wp-content\/uploads\/2016\/07\/Daniela-contra-a-LGBTfobia-260x95.jpg 260w, https:\/\/blogs.correio24h.com.br\/mesalte\/wp-content\/uploads\/2016\/07\/Daniela-contra-a-LGBTfobia-50x18.jpg 50w, https:\/\/blogs.correio24h.com.br\/mesalte\/wp-content\/uploads\/2016\/07\/Daniela-contra-a-LGBTfobia-150x55.jpg 150w, https:\/\/blogs.correio24h.com.br\/mesalte\/wp-content\/uploads\/2016\/07\/Daniela-contra-a-LGBTfobia.jpg 1312w\" sizes=\"auto, (max-width: 1024px) 100vw, 1024px\" \/><\/p>\n<p>M\u00e1rcia Short, que tamb\u00e9m compartilhou a imagem, desabafou: &#8220;Temos que dar um basta nisso&#8221;. Quem tamb\u00e9m se manifestou pelas redes sociais foi <a href=\"http:\/\/www.correio24horas.com.br\/blogs\/mesalte\/apos-casos-de-violencia-ivete-sangalo-pede-prisao-para-agressores-e-um-grande-absurdo-essa-agressao-gratuita-por-conta-de-orientacao-sexual\/\" target=\"_blank\">Ivete Sangalo que chegou a pedir pris\u00e3o e puni\u00e7\u00e3o para os LGBTf\u00f3bicos<\/a>.<\/p>\n<p><iframe loading=\"lazy\" style=\"border: none; overflow: hidden;\" src=\"https:\/\/www.facebook.com\/plugins\/video.php?href=https%3A%2F%2Fwww.facebook.com%2Fvideosveveta%2Fvideos%2F1711834102416169%2F&amp;show_text=0&amp;width=560\" width=\"560\" height=\"315\" frameborder=\"0\" scrolling=\"no\" allowfullscreen=\"allowfullscreen\"><\/iframe><\/p>\n<p>\u00c9 dif\u00edcil compreender essa coisa de homofobia (\u00a6) O que a vida de algu\u00e9m, as escolhas (sic) ou as orienta\u00e7\u00f5es sexuais de algu\u00e9m pode mudar a vida do outro?\u00c2\u00a0(\u00a6)\u00c2\u00a0Essas pessoas devem ser presas ou punidas, porque \u00e9 um grande absurdo essa agress\u00e3o gratuita por conta de orienta\u00e7\u00e3o sexual\u009d, afirmou Sangalo.<\/p>\n<p><a href=\"https:\/\/www.facebook.com\/events\/978997088884257\/?active_tab=posts\" target=\"_blank\">Acesse o Facebook do evento, convide azamigues e vamos pra rua todxs!<\/a><\/p>\n<p>A cantora Mari Antunes, da Banda Babado Novo, tamb\u00e9m se engajou na luta. Veja abaixo o v\u00eddeo de Mari:<\/p>\n<p><iframe loading=\"lazy\" style=\"border: none; overflow: hidden;\" src=\"https:\/\/www.facebook.com\/plugins\/video.php?href=https%3A%2F%2Fwww.facebook.com%2Fmesalte%2Fvideos%2F1121416891253183%2F&amp;show_text=0&amp;width=400\" width=\"400\" height=\"400\" frameborder=\"0\" scrolling=\"no\" allowfullscreen=\"allowfullscreen\"><\/iframe>,<\/p>\n<p>A cantora Carla Visi, que mora no Rio Vermelho, tamb\u00e9m se manifestou pelas redes sociais:<\/p>\n<p><iframe loading=\"lazy\" style=\"border: none; overflow: hidden;\" src=\"https:\/\/www.facebook.com\/plugins\/video.php?href=https%3A%2F%2Fwww.facebook.com%2Fcarlavisi%2Fvideos%2F10201857076665396%2F&amp;show_text=0&amp;width=400\" width=\"400\" height=\"400\" frameborder=\"0\" scrolling=\"no\" allowfullscreen=\"allowfullscreen\"><\/iframe><\/p>\n<p><strong>Participe<br \/>\n<\/strong>O protesto come\u00e7ar\u00e1 \u00e0 \u00a0s 18h em frente \u00e0 \u00a0 boate San Sebastian e seguir\u00e1 pelo Rio Vermelho. Os grupos seguir\u00e3o at\u00e9 a nova pra\u00e7a em frente ao Mercado do Peixe e n\u00e3o mais at\u00e9 a igreja do Largo de Dinha, como havia sido anunciado anteriormente. Em frente ao mercado, haver\u00e1 um\u00c2\u00a0\u00f4nibus com um pequeno palco, que foi gentilmente cedido pelo Projeto Ax\u00e9, onde haver\u00e1 falas, poesias e algumas m\u00fasicas \u00c2\u00a0em mem\u00f3ria \u00e0 \u00a0s v\u00edtimas de LGBTfobia.\u00c2\u00a0Algumas pessoas levar\u00e3o velas e seguir\u00e3o o ato de branco, pedindo paz, ou de preto, em luto.<\/p>\n<p><img loading=\"lazy\" decoding=\"async\" class=\"aligncenter size-full wp-image-5423\" src=\"http:\/\/www.correio24horas.com.br\/blogs\/mesalte\/wp-content\/uploads\/2016\/07\/chega-de-lgbtfobia.jpg\" alt=\"chega de lgbtfobia\" width=\"287\" height=\"395\" srcset=\"https:\/\/blogs.correio24h.com.br\/mesalte\/wp-content\/uploads\/2016\/07\/chega-de-lgbtfobia.jpg 287w, https:\/\/blogs.correio24h.com.br\/mesalte\/wp-content\/uploads\/2016\/07\/chega-de-lgbtfobia-218x300.jpg 218w, https:\/\/blogs.correio24h.com.br\/mesalte\/wp-content\/uploads\/2016\/07\/chega-de-lgbtfobia-106x146.jpg 106w, https:\/\/blogs.correio24h.com.br\/mesalte\/wp-content\/uploads\/2016\/07\/chega-de-lgbtfobia-36x50.jpg 36w, https:\/\/blogs.correio24h.com.br\/mesalte\/wp-content\/uploads\/2016\/07\/chega-de-lgbtfobia-54x75.jpg 54w\" sizes=\"auto, (max-width: 287px) 100vw, 287px\" \/><br \/>\n<strong>__________GRUPOS E ENTIDADES COLABORADORES DO ATO___<wbr \/>________<\/strong><br \/>\nM\u00e3es da Diversidade<br \/>\nGrupo de Pesquisa Cultura e Sexualidade &#8211; CUS<br \/>\nMarcha das Vadias<br \/>\nColetivo Lesbibahia<br \/>\nGrupo Gay das Resid\u00eancias<br \/>\nFam\u00edliaS: de todos os jeitos<br \/>\nColetivo Kiu!<br \/>\nGrrupo Gay da Bahia &#8211; GGB<br \/>\nColetivo LGBT da FDUFBa<span class=\"text_exposed_show\"><br \/>\nUNAIDS &#8211; Programa das Na\u00e7\u00f5es Unidas sobre HIV\/Aids<br \/>\nRVA &#8211; Rio Vermelho em A\u00e7\u00e3o<br \/>\nColetivo Juntos!<br \/>\nF\u00f3rum Baiano LGBT<br \/>\nVixe Produtora &#8211; Comunica\u00e7\u00e3o Audiovisual<br \/>\nCIP\u00d3 &#8211; Comunica\u00e7\u00e3o Interativa<br \/>\nUJS &#8211; Uni\u00e3o da Juventude Socialista<br \/>\nGLEIGS &#8211; Grupo de Leituras e Estudos Interdisciplinares sobre G\u00eaneros e Sexualidades do Campus XIV da UNEB<br \/>\nGrupo Patina Salvador<br \/>\nColetivo Dandara<br \/>\nDiadorim &#8211; UNEB<br \/>\nPro Homo, CEPDH<br \/>\nColetivo Aquenda<br \/>\nProjeto Ax\u00e9<br \/>\nN\u00facleo Unisex<br \/>\nGrupo Enlance<br \/>\nColetivo Dandara<br \/>\nClipping LGBT<br \/>\nAtelier Rodolfo Carvalho<br \/>\nAmsterdam Pop Club<br \/>\nSan Sebastian<br \/>\nLiga Brasileira de L\u00e9sbicas<br \/>\nF\u00f3rum Enlesbi<br \/>\nPar\u00f3quia Anglicana do Bom Pastor<br \/>\nIgreja Batista de Nazareth<br \/>\nCentro de Refer\u00eancia LGBT<br \/>\nNUDESC &#8211; N\u00facleo de Desenvolvimento Social<br \/>\nVentre Feminista<br \/>\nHaus of Gloom<br \/>\nClipping LGBT<br \/>\nSite Dois Ter\u00e7os<br \/>\nCanal Me Salte &#8211; Correio24horas<br \/>\nRevista Arte Trans Bahia<br \/>\nU.D.P (Universidade Descoloni\u00e3o Periferica)<br \/>\nMovimento Ocupa MinC<br \/>\nGrupo Boneco Orix\u00e1 Art<br \/>\nRede Afro LGBT (Nacional e Bahia)<br \/>\nDe Transs Pra Frente<br \/>\nObservat\u00f3rio da Discrimina\u00e7\u00e3o Racial e LGBT<br \/>\nLILI &#8211; Grupo de Pesquisas Interdisciplinares em G\u00eaneros e Sexualidades<\/span><\/p>\n<p><strong>Acompanhe o caso:<br \/>\n<\/strong><a href=\"http:\/\/www.correio24horas.com.br\/blogs\/mesalte\/militancia-lgbt-realiza-ato-contra-a-violencia-apos-morte-de-produtor-em-ataque-homofobico\/\" target=\"_blank\">Milit\u00e2ncia LGBT realiza atro contra a viol\u00eancia ap\u00f3s morte de produtor de eventos\u00c2\u00a0<\/a><strong><br \/>\n<\/strong><a href=\"http:\/\/www.correio24horas.com.br\/blogs\/mesalte\/apos-casos-de-violencia-ivete-sangalo-pede-prisao-para-agressores-e-um-grande-absurdo-essa-agressao-gratuita-por-conta-de-orientacao-sexual\" target=\"_blank\">Ivete Sangalo pede pris\u00e3o para agressores de LGBTs: \u00c2\u00a0\u00e9 um grande absurdo essa agress\u00e3o gratuita por conta de orienta\u00e7\u00e3o sexual\u009d; veja v\u00eddeo<br \/>\n<\/a><a href=\"http:\/\/www.correio24horas.com.br\/blogs\/mesalte\/morre-produtor-de-eventos-espancado-em-ataque-homofobico-apos-sair-de-festa-no-rio-vermelho\" target=\"_blank\">Morre produtor de eventos espancado em ataque homof\u00f3bico ap\u00f3s sair de festa no Rio Vermelho<br \/>\n<\/a><a href=\"http:\/\/www.correio24horas.com.br\/blogs\/mesalte\/o-silencio-que-machuca-e-a-dor-de-perder-alguem-para-homofobia\" target=\"_blank\">O sil\u00eancio que machuca e a dor de perder algu\u00e9m para homofobia &#8211; See more at:<\/a><\/p>\n","protected":false},"excerpt":{"rendered":"<p>A Bahia j\u00e1 teve, somente esse ano, 20 pessoas LGBTs (l\u00e9sbicas, gays,\u00c2\u00a0bisexuais,\u00c2\u00a0transexuais e transg\u00eaneros) mortas. O mais recente caso foi do produtor de eventos Leonardo Santiago [&hellip;]<\/p>\n","protected":false},"author":1,"featured_media":0,"comment_status":"open","ping_status":"open","sticky":false,"template":"","format":"image","meta":{"footnotes":""},"categories":[28,80,11,26],"tags":[],"class_list":["post-5410","post","type-post","status-publish","format-image","hentry","category-farofa-digital","category-home","category-me-informo","category-me-inspiro","post_format-post-format-image"],"_links":{"self":[{"href":"https:\/\/blogs.correio24horas.com.br\/mesalte\/wp-json\/wp\/v2\/posts\/5410","targetHints":{"allow":["GET"]}}],"collection":[{"href":"https:\/\/blogs.correio24horas.com.br\/mesalte\/wp-json\/wp\/v2\/posts"}],"about":[{"href":"https:\/\/blogs.correio24horas.com.br\/mesalte\/wp-json\/wp\/v2\/types\/post"}],"author":[{"embeddable":true,"href":"https:\/\/blogs.correio24horas.com.br\/mesalte\/wp-json\/wp\/v2\/users\/1"}],"replies":[{"embeddable":true,"href":"https:\/\/blogs.correio24horas.com.br\/mesalte\/wp-json\/wp\/v2\/comments?post=5410"}],"version-history":[{"count":12,"href":"https:\/\/blogs.correio24horas.com.br\/mesalte\/wp-json\/wp\/v2\/posts\/5410\/revisions"}],"predecessor-version":[{"id":5434,"href":"https:\/\/blogs.correio24horas.com.br\/mesalte\/wp-json\/wp\/v2\/posts\/5410\/revisions\/5434"}],"wp:attachment":[{"href":"https:\/\/blogs.correio24horas.com.br\/mesalte\/wp-json\/wp\/v2\/media?parent=5410"}],"wp:term":[{"taxonomy":"category","embeddable":true,"href":"https:\/\/blogs.correio24horas.com.br\/mesalte\/wp-json\/wp\/v2\/categories?post=5410"},{"taxonomy":"post_tag","embeddable":true,"href":"https:\/\/blogs.correio24horas.com.br\/mesalte\/wp-json\/wp\/v2\/tags?post=5410"}],"curies":[{"name":"wp","href":"https:\/\/api.w.org\/{rel}","templated":true}]}}