{"id":5367,"date":"2016-07-12T18:36:04","date_gmt":"2016-07-12T21:36:04","guid":{"rendered":"http:\/\/www.correio24horas.com.br\/blogs\/mesalte\/?p=5367"},"modified":"2016-07-12T18:40:51","modified_gmt":"2016-07-12T21:40:51","slug":"transexual-crucificada-na-parada-lgbt-denuncia-nova-agressao-em-sp","status":"publish","type":"post","link":"https:\/\/blogs.correio24horas.com.br\/mesalte\/transexual-crucificada-na-parada-lgbt-denuncia-nova-agressao-em-sp\/","title":{"rendered":"Transexual &#8216;crucificada&#8217; na Parada LGBT denuncia nova agress\u00e3o em SP"},"content":{"rendered":"<p>A modelo transexual Viviany Beleboni, de 27 anos, que nas duas \u00faltimas edi\u00e7\u00f5es da parada LGBT de S\u00e3o Paulo usou representa\u00e7\u00f5es religiosas para protestar contra a LGBTfobia, denunciou ontem que foi espancada por cinco homens no Centro de S\u00e3o Paulo.<\/p>\n<div id=\"attachment_5372\" style=\"width: 625px\" class=\"wp-caption aligncenter\"><img loading=\"lazy\" decoding=\"async\" aria-describedby=\"caption-attachment-5372\" class=\"size-full wp-image-5372\" src=\"http:\/\/www.correio24horas.com.br\/blogs\/mesalte\/wp-content\/uploads\/2016\/07\/viviane-1.jpg\" alt=\"Ela divulgou imagem depois do novo ataque que sofreu\" width=\"615\" height=\"300\" srcset=\"https:\/\/blogs.correio24h.com.br\/mesalte\/wp-content\/uploads\/2016\/07\/viviane-1.jpg 615w, https:\/\/blogs.correio24h.com.br\/mesalte\/wp-content\/uploads\/2016\/07\/viviane-1-300x146.jpg 300w, https:\/\/blogs.correio24h.com.br\/mesalte\/wp-content\/uploads\/2016\/07\/viviane-1-260x127.jpg 260w, https:\/\/blogs.correio24h.com.br\/mesalte\/wp-content\/uploads\/2016\/07\/viviane-1-50x24.jpg 50w, https:\/\/blogs.correio24h.com.br\/mesalte\/wp-content\/uploads\/2016\/07\/viviane-1-150x73.jpg 150w\" sizes=\"auto, (max-width: 615px) 100vw, 615px\" \/><p id=\"caption-attachment-5372\" class=\"wp-caption-text\">Ela divulgou imagem depois do novo ataque que sofreu<\/p><\/div>\n<p>Em v\u00eddeo enviado ao portal de not\u00edcias Uol, ela aparece com o rosto desfigurado depois das agress\u00f5es que, segundo ela relata, aconteceram quando ela saiu de casa para ir ao supermercado.\u00c2\u00a0&#8220;A todo momento falavam que eu era um dem\u00f4nio, que essa ra\u00e7a tinha que morrer. Recitavam passagens da B\u00edblia ou que diziam alguma coisa relacionada \u00e0 \u00a0 B\u00edblia. Falavam em Romanos e coisas como &#8216;n\u00e3o te deitar\u00e1s com um homem, como se fosse mulher&#8217; e muitas palavras que n\u00e3o entendia, como se fosse em outro idioma. Eles diziam tamb\u00e9m &#8216;traveco vira homem&#8217;, &#8216;praga da humanidade&#8217;. Ofensas e Chutes. Quero esquecer&#8221;, afirmou a modelo, em mensagem enviada ao UOL, por meio de sua assessoria de imprensa.<\/p>\n<div id=\"attachment_3996\" style=\"width: 1034px\" class=\"wp-caption aligncenter\"><img loading=\"lazy\" decoding=\"async\" aria-describedby=\"caption-attachment-3996\" class=\"size-large wp-image-3996\" src=\"http:\/\/www.correio24horas.com.br\/blogs\/mesalte\/wp-content\/uploads\/2016\/05\/transcrucificada-1024x512.jpg\" alt=\"Em 2015, ela se apresentou crucificada\" width=\"1024\" height=\"512\" srcset=\"https:\/\/blogs.correio24h.com.br\/mesalte\/wp-content\/uploads\/2016\/05\/transcrucificada-1024x512.jpg 1024w, https:\/\/blogs.correio24h.com.br\/mesalte\/wp-content\/uploads\/2016\/05\/transcrucificada-300x150.jpg 300w, https:\/\/blogs.correio24h.com.br\/mesalte\/wp-content\/uploads\/2016\/05\/transcrucificada-768x384.jpg 768w, https:\/\/blogs.correio24h.com.br\/mesalte\/wp-content\/uploads\/2016\/05\/transcrucificada-260x130.jpg 260w, https:\/\/blogs.correio24h.com.br\/mesalte\/wp-content\/uploads\/2016\/05\/transcrucificada-50x25.jpg 50w, https:\/\/blogs.correio24h.com.br\/mesalte\/wp-content\/uploads\/2016\/05\/transcrucificada-150x75.jpg 150w\" sizes=\"auto, (max-width: 1024px) 100vw, 1024px\" \/><p id=\"caption-attachment-3996\" class=\"wp-caption-text\">Em 2015, ela se apresentou crucificada<\/p><\/div>\n<p>No seu facebook, a modelo pediu ora\u00e7\u00f5es e disse que ir\u00e1 sair de S\u00e3o Paulo &#8220;por um tempo&#8221;: &#8220;Preciso viver sem ter sempre essa sombra de viol\u00eancia me seguindo a cada passo que dou.&#8221; Essa n\u00e3o foi a primeira vez que Viviany foi agredida.\u00c2\u00a0 Em agosto de 2015, a modelo transexual foi\u00c2\u00a0\u00c2\u00a0ferida no rosto e nas m\u00e3os por um agressor, quando tamb\u00e9m andava perto de sua casa.<\/p>\n<div id=\"attachment_4112\" style=\"width: 863px\" class=\"wp-caption aligncenter\"><img loading=\"lazy\" decoding=\"async\" aria-describedby=\"caption-attachment-4112\" class=\"size-full wp-image-4112\" src=\"http:\/\/www.correio24horas.com.br\/blogs\/mesalte\/wp-content\/uploads\/2016\/05\/TransAfP2.jpg\" alt=\"Viviany Beleboni protestou contra bancada evang\u00e9lica na parada desse ano Foto: AFP\" width=\"853\" height=\"581\" srcset=\"https:\/\/blogs.correio24h.com.br\/mesalte\/wp-content\/uploads\/2016\/05\/TransAfP2.jpg 853w, https:\/\/blogs.correio24h.com.br\/mesalte\/wp-content\/uploads\/2016\/05\/TransAfP2-300x204.jpg 300w, https:\/\/blogs.correio24h.com.br\/mesalte\/wp-content\/uploads\/2016\/05\/TransAfP2-768x523.jpg 768w, https:\/\/blogs.correio24h.com.br\/mesalte\/wp-content\/uploads\/2016\/05\/TransAfP2-214x146.jpg 214w, https:\/\/blogs.correio24h.com.br\/mesalte\/wp-content\/uploads\/2016\/05\/TransAfP2-50x34.jpg 50w, https:\/\/blogs.correio24h.com.br\/mesalte\/wp-content\/uploads\/2016\/05\/TransAfP2-110x75.jpg 110w\" sizes=\"auto, (max-width: 853px) 100vw, 853px\" \/><p id=\"caption-attachment-4112\" class=\"wp-caption-text\">Viviany Beleboni protestou contra bancada evang\u00e9lica na parada desse ano<br \/>Foto: AFP<\/p><\/div>\n<p>&nbsp;<\/p>\n<p>&nbsp;<\/p>\n","protected":false},"excerpt":{"rendered":"<p>A modelo transexual Viviany Beleboni, de 27 anos, que nas duas \u00faltimas edi\u00e7\u00f5es da parada LGBT de S\u00e3o Paulo usou representa\u00e7\u00f5es religiosas para protestar contra a [&hellip;]<\/p>\n","protected":false},"author":1,"featured_media":0,"comment_status":"open","ping_status":"open","sticky":false,"template":"","format":"image","meta":{"footnotes":""},"categories":[80,11],"tags":[50,293],"class_list":["post-5367","post","type-post","status-publish","format-image","hentry","category-home","category-me-informo","tag-trans","tag-vivianybeleboni","post_format-post-format-image"],"_links":{"self":[{"href":"https:\/\/blogs.correio24horas.com.br\/mesalte\/wp-json\/wp\/v2\/posts\/5367","targetHints":{"allow":["GET"]}}],"collection":[{"href":"https:\/\/blogs.correio24horas.com.br\/mesalte\/wp-json\/wp\/v2\/posts"}],"about":[{"href":"https:\/\/blogs.correio24horas.com.br\/mesalte\/wp-json\/wp\/v2\/types\/post"}],"author":[{"embeddable":true,"href":"https:\/\/blogs.correio24horas.com.br\/mesalte\/wp-json\/wp\/v2\/users\/1"}],"replies":[{"embeddable":true,"href":"https:\/\/blogs.correio24horas.com.br\/mesalte\/wp-json\/wp\/v2\/comments?post=5367"}],"version-history":[{"count":3,"href":"https:\/\/blogs.correio24horas.com.br\/mesalte\/wp-json\/wp\/v2\/posts\/5367\/revisions"}],"predecessor-version":[{"id":5373,"href":"https:\/\/blogs.correio24horas.com.br\/mesalte\/wp-json\/wp\/v2\/posts\/5367\/revisions\/5373"}],"wp:attachment":[{"href":"https:\/\/blogs.correio24horas.com.br\/mesalte\/wp-json\/wp\/v2\/media?parent=5367"}],"wp:term":[{"taxonomy":"category","embeddable":true,"href":"https:\/\/blogs.correio24horas.com.br\/mesalte\/wp-json\/wp\/v2\/categories?post=5367"},{"taxonomy":"post_tag","embeddable":true,"href":"https:\/\/blogs.correio24horas.com.br\/mesalte\/wp-json\/wp\/v2\/tags?post=5367"}],"curies":[{"name":"wp","href":"https:\/\/api.w.org\/{rel}","templated":true}]}}