{"id":5347,"date":"2016-07-12T11:31:47","date_gmt":"2016-07-12T14:31:47","guid":{"rendered":"http:\/\/www.correio24horas.com.br\/blogs\/mesalte\/?p=5347"},"modified":"2016-07-13T11:09:47","modified_gmt":"2016-07-13T14:09:47","slug":"globo-exibe-hoje-primeira-cena-de-sexo-gay-na-novela-liberdade-liberdade-grupos-religiosos-sugerem-boicote","status":"publish","type":"post","link":"https:\/\/blogs.correio24horas.com.br\/mesalte\/globo-exibe-hoje-primeira-cena-de-sexo-gay-na-novela-liberdade-liberdade-grupos-religiosos-sugerem-boicote\/","title":{"rendered":"Globo exibe hoje primeira cena de sexo gay na novela Liberdade, Liberdade; grupos religiosos sugerem boicote"},"content":{"rendered":"<p>A \u00c2\u00a0Globo\/TV Bahia exibir\u00e1 hoje, a partir das 23h, a cena mais pol\u00eamica e mais aguardada da teledramaturgia dos \u00faltimos tempos.\u00c2\u00a0A sequ\u00eancia, dirigida pelo diretor art\u00edstico Vin\u00edcius Coimbra, vai ao ar esta ter\u00e7a-feira (12) e mostrar\u00e1 uma cena de sexo entre os personagens\u00c2\u00a0Andr\u00e9 (Caio Blat) e Tolentino (Ricardo Pereira) na novela Liberdade, Liberdade.\u00c2\u00a0 O amor n\u00e3o conhece g\u00eanero\u009d, destaca o\u00c2\u00a0autor da novela, Mario Teixeira.<\/p>\n<div id=\"attachment_5351\" style=\"width: 810px\" class=\"wp-caption aligncenter\"><img loading=\"lazy\" decoding=\"async\" aria-describedby=\"caption-attachment-5351\" class=\"size-full wp-image-5351\" src=\"http:\/\/www.correio24horas.com.br\/blogs\/mesalte\/wp-content\/uploads\/2016\/07\/grupo-catolico-protesta-contra-cena-de-sexo-gay-em-liberdade-liberdade.jpg\" alt=\"Cena promete impactar e emocionar o p\u00fablico\" width=\"800\" height=\"600\" srcset=\"https:\/\/blogs.correio24h.com.br\/mesalte\/wp-content\/uploads\/2016\/07\/grupo-catolico-protesta-contra-cena-de-sexo-gay-em-liberdade-liberdade.jpg 800w, https:\/\/blogs.correio24h.com.br\/mesalte\/wp-content\/uploads\/2016\/07\/grupo-catolico-protesta-contra-cena-de-sexo-gay-em-liberdade-liberdade-300x225.jpg 300w, https:\/\/blogs.correio24h.com.br\/mesalte\/wp-content\/uploads\/2016\/07\/grupo-catolico-protesta-contra-cena-de-sexo-gay-em-liberdade-liberdade-768x576.jpg 768w, https:\/\/blogs.correio24h.com.br\/mesalte\/wp-content\/uploads\/2016\/07\/grupo-catolico-protesta-contra-cena-de-sexo-gay-em-liberdade-liberdade-195x146.jpg 195w, https:\/\/blogs.correio24h.com.br\/mesalte\/wp-content\/uploads\/2016\/07\/grupo-catolico-protesta-contra-cena-de-sexo-gay-em-liberdade-liberdade-50x38.jpg 50w, https:\/\/blogs.correio24h.com.br\/mesalte\/wp-content\/uploads\/2016\/07\/grupo-catolico-protesta-contra-cena-de-sexo-gay-em-liberdade-liberdade-100x75.jpg 100w\" sizes=\"auto, (max-width: 800px) 100vw, 800px\" \/><p id=\"caption-attachment-5351\" class=\"wp-caption-text\">Cena promete impactar e emocionar o p\u00fablico<\/p><\/div>\n<p>De acordo com o portal GShow, da TV Globo, a cena come\u00e7a quando\u00c2\u00a0quando Tolentino, abalado pela fuga de Ascens\u00e3o (Zez\u00e9 Polessa) da cadeia e pelas diversas humilha\u00e7\u00f5es que vem sofrendo de Rubi\u00e3o (Mateus Solano), est\u00e1 em seu quarto e recebe a visita de Andr\u00e9.\u00c2\u00a0O fidalgo se preocupa com Tolentino, que fica feliz e emocionado com o carinho dele. Tenho um s\u00f3 amigo. Voc\u00ea, Andr\u00e9. Que \u00e9 sens\u00edvel. Consegue entender os mist\u00e9rios da vida\u009d, diz o coronel. Inclusive as surpresas sobre n\u00f3s mesmos?\u009d, responde Andr\u00e9 segundos antes deles come\u00e7aram a cena de sexo.<a href=\"http:\/\/www.correio24horas.com.br\/blogs\/mesalte\/casal-gay-de-liberdade-liberdade-grava-cenas-de-banho-juntos\/\" target=\"_blank\"> Eles j\u00e1 viveram cenas picantes antes.\u00c2\u00a0<\/a><\/p>\n<div id=\"attachment_5349\" style=\"width: 700px\" class=\"wp-caption aligncenter\"><img loading=\"lazy\" decoding=\"async\" aria-describedby=\"caption-attachment-5349\" class=\"size-full wp-image-5349\" src=\"http:\/\/www.correio24horas.com.br\/blogs\/mesalte\/wp-content\/uploads\/2016\/07\/caio-blat-vinicius-coimbra-ricardo-pereira.jpg\" alt=\"Cena foi gravada no m\u00eas passado Foto: GShow\" width=\"690\" height=\"595\" srcset=\"https:\/\/blogs.correio24h.com.br\/mesalte\/wp-content\/uploads\/2016\/07\/caio-blat-vinicius-coimbra-ricardo-pereira.jpg 690w, https:\/\/blogs.correio24h.com.br\/mesalte\/wp-content\/uploads\/2016\/07\/caio-blat-vinicius-coimbra-ricardo-pereira-300x259.jpg 300w, https:\/\/blogs.correio24h.com.br\/mesalte\/wp-content\/uploads\/2016\/07\/caio-blat-vinicius-coimbra-ricardo-pereira-169x146.jpg 169w, https:\/\/blogs.correio24h.com.br\/mesalte\/wp-content\/uploads\/2016\/07\/caio-blat-vinicius-coimbra-ricardo-pereira-50x43.jpg 50w, https:\/\/blogs.correio24h.com.br\/mesalte\/wp-content\/uploads\/2016\/07\/caio-blat-vinicius-coimbra-ricardo-pereira-87x75.jpg 87w\" sizes=\"auto, (max-width: 690px) 100vw, 690px\" \/><p id=\"caption-attachment-5349\" class=\"wp-caption-text\">Cena foi gravada no m\u00eas passado<br \/>Foto: GShow<\/p><\/div>\n<p>&nbsp;<\/p>\n<p>Int\u00e9rprete do Andr\u00e9, Caio Blat n\u00e3o esconde a felicidade de estar fazendo parte desta hist\u00f3ria.\u00c2\u00a0\u00c9 um prazer poder apresentar uma hist\u00f3ria assim, mostrar o sofrimento de tantas pessoas que precisam se esconder por causa do preconceito e mostrar como \u00e9 dif\u00edcil esconder quem voc\u00ea \u00e9 e o que voc\u00ea sente\u009d, diz ele, que ainda complementa: Acho que esta \u00e9 uma novela madura, as pessoas percebem que s\u00e3o temas contempor\u00e2neos que est\u00e3o sendo tratados com um pano de fundo hist\u00f3rico. Tenho muito orgulho de estar representando esse personagem, que \u00e9 comovente, lindo\u009d, disse ao Gshow.<\/p>\n<div id=\"attachment_5350\" style=\"width: 700px\" class=\"wp-caption aligncenter\"><img loading=\"lazy\" decoding=\"async\" aria-describedby=\"caption-attachment-5350\" class=\"size-full wp-image-5350\" src=\"http:\/\/www.correio24horas.com.br\/blogs\/mesalte\/wp-content\/uploads\/2016\/07\/fm-2016-05-11-0097.jpg\" alt=\"Caio e Ricardo: atores na expectativa\" width=\"690\" height=\"595\" srcset=\"https:\/\/blogs.correio24h.com.br\/mesalte\/wp-content\/uploads\/2016\/07\/fm-2016-05-11-0097.jpg 690w, https:\/\/blogs.correio24h.com.br\/mesalte\/wp-content\/uploads\/2016\/07\/fm-2016-05-11-0097-300x259.jpg 300w, https:\/\/blogs.correio24h.com.br\/mesalte\/wp-content\/uploads\/2016\/07\/fm-2016-05-11-0097-169x146.jpg 169w, https:\/\/blogs.correio24h.com.br\/mesalte\/wp-content\/uploads\/2016\/07\/fm-2016-05-11-0097-50x43.jpg 50w, https:\/\/blogs.correio24h.com.br\/mesalte\/wp-content\/uploads\/2016\/07\/fm-2016-05-11-0097-87x75.jpg 87w\" sizes=\"auto, (max-width: 690px) 100vw, 690px\" \/><p id=\"caption-attachment-5350\" class=\"wp-caption-text\">Caio e Ricardo: atores na expectativa<\/p><\/div>\n<p><strong>Rea\u00e7\u00e3o<\/strong><br \/>\nLiberdade, Liberdade \u00e9 uma novela de Mario Teixeira baseada em argumento de Marcia Prates, livremente inspirada no livro &#8220;Joaquina, Filha do Tiradentes&#8221;, de Maria Jos\u00e9 de Queiroz. A dire\u00e7\u00e3o art\u00edstica \u00e9 de Vin\u00edcius Coimbra. Como o an\u00fancio da cena, grupos religiosos est\u00e3o propondo um boicote \u00e0 \u00a0 novela atrav\u00e9s de campanhas nas redes sociais como est\u00e1 abaixo:<\/p>\n<p><img loading=\"lazy\" decoding=\"async\" class=\"aligncenter size-full wp-image-5348\" src=\"http:\/\/www.correio24horas.com.br\/blogs\/mesalte\/wp-content\/uploads\/2016\/07\/campanha.jpg\" alt=\"campanha\" width=\"960\" height=\"960\" srcset=\"https:\/\/blogs.correio24h.com.br\/mesalte\/wp-content\/uploads\/2016\/07\/campanha.jpg 960w, https:\/\/blogs.correio24h.com.br\/mesalte\/wp-content\/uploads\/2016\/07\/campanha-150x150.jpg 150w, https:\/\/blogs.correio24h.com.br\/mesalte\/wp-content\/uploads\/2016\/07\/campanha-300x300.jpg 300w, https:\/\/blogs.correio24h.com.br\/mesalte\/wp-content\/uploads\/2016\/07\/campanha-768x768.jpg 768w, https:\/\/blogs.correio24h.com.br\/mesalte\/wp-content\/uploads\/2016\/07\/campanha-146x146.jpg 146w, https:\/\/blogs.correio24h.com.br\/mesalte\/wp-content\/uploads\/2016\/07\/campanha-50x50.jpg 50w, https:\/\/blogs.correio24h.com.br\/mesalte\/wp-content\/uploads\/2016\/07\/campanha-80x80.jpg 80w, https:\/\/blogs.correio24h.com.br\/mesalte\/wp-content\/uploads\/2016\/07\/campanha-75x75.jpg 75w, https:\/\/blogs.correio24h.com.br\/mesalte\/wp-content\/uploads\/2016\/07\/campanha-85x85.jpg 85w\" sizes=\"auto, (max-width: 960px) 100vw, 960px\" \/><\/p>\n<p>&nbsp;<\/p>\n","protected":false},"excerpt":{"rendered":"<p>A \u00c2\u00a0Globo\/TV Bahia exibir\u00e1 hoje, a partir das 23h, a cena mais pol\u00eamica e mais aguardada da teledramaturgia dos \u00faltimos tempos.\u00c2\u00a0A sequ\u00eancia, dirigida pelo diretor art\u00edstico [&hellip;]<\/p>\n","protected":false},"author":1,"featured_media":0,"comment_status":"open","ping_status":"open","sticky":false,"template":"","format":"standard","meta":{"footnotes":""},"categories":[28],"tags":[],"class_list":["post-5347","post","type-post","status-publish","format-standard","hentry","category-farofa-digital"],"_links":{"self":[{"href":"https:\/\/blogs.correio24horas.com.br\/mesalte\/wp-json\/wp\/v2\/posts\/5347","targetHints":{"allow":["GET"]}}],"collection":[{"href":"https:\/\/blogs.correio24horas.com.br\/mesalte\/wp-json\/wp\/v2\/posts"}],"about":[{"href":"https:\/\/blogs.correio24horas.com.br\/mesalte\/wp-json\/wp\/v2\/types\/post"}],"author":[{"embeddable":true,"href":"https:\/\/blogs.correio24horas.com.br\/mesalte\/wp-json\/wp\/v2\/users\/1"}],"replies":[{"embeddable":true,"href":"https:\/\/blogs.correio24horas.com.br\/mesalte\/wp-json\/wp\/v2\/comments?post=5347"}],"version-history":[{"count":2,"href":"https:\/\/blogs.correio24horas.com.br\/mesalte\/wp-json\/wp\/v2\/posts\/5347\/revisions"}],"predecessor-version":[{"id":5354,"href":"https:\/\/blogs.correio24horas.com.br\/mesalte\/wp-json\/wp\/v2\/posts\/5347\/revisions\/5354"}],"wp:attachment":[{"href":"https:\/\/blogs.correio24horas.com.br\/mesalte\/wp-json\/wp\/v2\/media?parent=5347"}],"wp:term":[{"taxonomy":"category","embeddable":true,"href":"https:\/\/blogs.correio24horas.com.br\/mesalte\/wp-json\/wp\/v2\/categories?post=5347"},{"taxonomy":"post_tag","embeddable":true,"href":"https:\/\/blogs.correio24horas.com.br\/mesalte\/wp-json\/wp\/v2\/tags?post=5347"}],"curies":[{"name":"wp","href":"https:\/\/api.w.org\/{rel}","templated":true}]}}