{"id":5339,"date":"2016-07-12T08:47:46","date_gmt":"2016-07-12T11:47:46","guid":{"rendered":"http:\/\/www.correio24horas.com.br\/blogs\/mesalte\/?p=5339"},"modified":"2016-07-12T10:03:48","modified_gmt":"2016-07-12T13:03:48","slug":"a-agressao-contra-mim-nao-foi-homofobia-afirma-musico-que-foi-atacado-no-mesmo-local-que-jovem-gay-no-rio-vermelho","status":"publish","type":"post","link":"https:\/\/blogs.correio24horas.com.br\/mesalte\/a-agressao-contra-mim-nao-foi-homofobia-afirma-musico-que-foi-atacado-no-mesmo-local-que-jovem-gay-no-rio-vermelho\/","title":{"rendered":"&#8220;A agress\u00e3o contra mim n\u00e3o foi homofobia&#8221;, afirma m\u00fasico que foi atacado no mesmo local que jovem gay no Rio Vermelho"},"content":{"rendered":"<p>No fim da tarde de ontem, o cantor Marte Ventura, vocalista da banda Urbano El\u00e9trico &#8211; Legi\u00e3o Urbana Cover, denunciou a agress\u00e3o que sofreu, no Rio Vermelho, tamb\u00e9m no fim de semana. Em uma postagem em seu Facebook, Marte publicou uma foto mostrando machucados no rosto e contando que foi espancado ao lado da quadra de esportes que fica na Rua da Paci\u00eancia \u201d a mesma onde o promotor de eventos gay Leonardo Moura, 30, foi atacado na madrugada de s\u00e1bado. Seriam as mesmas pessoas?\u009d, indagou, no post.<\/p>\n<p>Na madrugada de hoje, pelo Facebook, o m\u00fasico informou ao Me Salte que registrou a ocorr\u00eancia policial no domingo. &#8220;A agress\u00e3o contra mim n\u00e3o foi homofobia. Eu\u00c2\u00a0n\u00e3o estava na San Sebastian, nem estava ficando com nenhum rapaz&#8221;, afirmou o m\u00fasico que \u00e9 heterossexual.<\/p>\n<blockquote><p>A agress\u00e3o contra mim n\u00e3o foi caso de LGBTfobia.\u00c2\u00a0Nunca vi ou conheci Leo, mas me sensibilizei com o caso, por v\u00e1rias raz\u00f5es: poderia ter sido eu pelo mesmo hor\u00e1rio, local e circunst\u00e2ncias; poderia ter sido algu\u00e9m pr\u00f3ximo; mas principalmente por ter sido um ser humano que n\u00e3o tinha feito NADA de errado e foi agredido brutalmente e chegou a falecer, Marte Ventura.<\/p><\/blockquote>\n<p><strong>Leia mais<br \/>\n<\/strong><a href=\"http:\/\/www.correio24horas.com.br\/blogs\/mesalte\/morre-produtor-de-eventos-espancado-em-ataque-homofobico-apos-sair-de-festa-no-rio-vermelho\" target=\"_blank\">Morre produtor de eventos espancado em ataque homof\u00f3bico ap\u00f3s sair de festa no Rio Vermelho<\/a><strong><br \/>\n<\/strong><a href=\"http:\/\/www.correio24horas.com.br\/blogs\/mesalte\/morre-produtor-de-eventos-espancado-em-ataque-homofobico-apos-sair-de-festa-no-rio-vermelho\/\" target=\"_blank\">Morre produtor de eventos espancado em ataque homof\u00f3bico ap\u00f3s sair de festa no Rio Vermelho<\/a><br \/>\n<a href=\"http:\/\/www.correio24horas.com.br\/blogs\/mesalte\/boate-onde-produtor-de-eventos-gay-estava-antes-de-ser-espancado-e-morto-divulga-nota-de-repudio\" target=\"_blank\">Boate onde produtor de eventos gay estava antes de ser espancado e morto divulga nota de rep\u00fadio<\/a><br \/>\n<a href=\"http:\/\/www.correio24horas.com.br\/blogs\/mesalte\/produtor-de-eventos-morto-em-ataque-homofobico-comecaria-curso-universitario-em-agosto\" target=\"_blank\">Produtor de eventos morto em ataque homof\u00f3bico come\u00e7aria curso universit\u00e1rio em agosto; enterro ser\u00e1 ter\u00e7a-feira (12)\u00c2\u00a0<\/a><\/p>\n<p><strong>A agress\u00e3o<br \/>\n<\/strong>Segundo Marte, ele e outras pessoas avistaram um jovem que estava \u02dcfora de si\u2122 e ficava se jogando no ch\u00e3o. Fui extremamente paciente ao tentar lidar com ele, por\u00e9m n\u00e3o tive sucesso. Nisso, passaram esses dois rapazes e fizeram provoca\u00e7\u00f5es contra mim\u009d. Na terceira investida dos dois agressores, Marte afirma que mandou que parassem, porque estava tentando ajudar o jovem.<\/p>\n<p>Em um outro momento que o rapaz se jogou no ch\u00e3o e eu ca\u00ed com ele, eles dois vieram e chutaram meu nariz e rosto. Tentei levantar na mesma hora, enquanto via um monte de sangue meu caindo pelas minhas m\u00e3os, minha roupa e ch\u00e3o\u009d, relatou.<br \/>\nO cantor contou que pediu calma, mas continuou recebendo socos. Na hora, tentei revidar tamb\u00e9m para me defender e fazer eles pararem. Por fim, seguraram ele e eu me afastei, fui sentar com o celular na orla\u009d, continuou. Um dos homens voltou a ir at\u00e9 ele e os dois voltaram a brigar, at\u00e9 serem separados por outras pessoas.<\/p>\n<p>Ao fim, ele pediu \u00e0 \u00a0s pessoas que tiverem informa\u00e7\u00f5es sobre os agressores que o procurem. \u00c2\u00a0Segundo o delegado Ant\u00f4nio Fernandes, titular em exerc\u00edcio na 7\u00aa Delegacia (Rio Vermelho), nada a respeito da agress\u00e3o a ele foi registrado na unidade.<\/p>\n<p><strong>Veja o relato dele na \u00edntegra\u00c2\u00a0<\/strong><\/p>\n<p><iframe loading=\"lazy\" style=\"border: none; overflow: hidden;\" src=\"https:\/\/www.facebook.com\/plugins\/post.php?href=https%3A%2F%2Fwww.facebook.com%2Fpermalink.php%3Fstory_fbid%3D1274384352614421%26id%3D100001286066844&amp;width=500\" width=\"500\" height=\"752\" frameborder=\"0\" scrolling=\"no\"><\/iframe><\/p>\n<div class=\"_5wd4 _1nc7 direction_ltr\"><\/div>\n","protected":false},"excerpt":{"rendered":"<p>No fim da tarde de ontem, o cantor Marte Ventura, vocalista da banda Urbano El\u00e9trico &#8211; Legi\u00e3o Urbana Cover, denunciou a agress\u00e3o que sofreu, no Rio [&hellip;]<\/p>\n","protected":false},"author":1,"featured_media":5341,"comment_status":"open","ping_status":"open","sticky":false,"template":"","format":"image","meta":{"footnotes":""},"categories":[80,26],"tags":[],"class_list":["post-5339","post","type-post","status-publish","format-image","has-post-thumbnail","hentry","category-home","category-me-inspiro","post_format-post-format-image"],"_links":{"self":[{"href":"https:\/\/blogs.correio24horas.com.br\/mesalte\/wp-json\/wp\/v2\/posts\/5339","targetHints":{"allow":["GET"]}}],"collection":[{"href":"https:\/\/blogs.correio24horas.com.br\/mesalte\/wp-json\/wp\/v2\/posts"}],"about":[{"href":"https:\/\/blogs.correio24horas.com.br\/mesalte\/wp-json\/wp\/v2\/types\/post"}],"author":[{"embeddable":true,"href":"https:\/\/blogs.correio24horas.com.br\/mesalte\/wp-json\/wp\/v2\/users\/1"}],"replies":[{"embeddable":true,"href":"https:\/\/blogs.correio24horas.com.br\/mesalte\/wp-json\/wp\/v2\/comments?post=5339"}],"version-history":[{"count":4,"href":"https:\/\/blogs.correio24horas.com.br\/mesalte\/wp-json\/wp\/v2\/posts\/5339\/revisions"}],"predecessor-version":[{"id":5346,"href":"https:\/\/blogs.correio24horas.com.br\/mesalte\/wp-json\/wp\/v2\/posts\/5339\/revisions\/5346"}],"wp:featuredmedia":[{"embeddable":true,"href":"https:\/\/blogs.correio24horas.com.br\/mesalte\/wp-json\/wp\/v2\/media\/5341"}],"wp:attachment":[{"href":"https:\/\/blogs.correio24horas.com.br\/mesalte\/wp-json\/wp\/v2\/media?parent=5339"}],"wp:term":[{"taxonomy":"category","embeddable":true,"href":"https:\/\/blogs.correio24horas.com.br\/mesalte\/wp-json\/wp\/v2\/categories?post=5339"},{"taxonomy":"post_tag","embeddable":true,"href":"https:\/\/blogs.correio24horas.com.br\/mesalte\/wp-json\/wp\/v2\/tags?post=5339"}],"curies":[{"name":"wp","href":"https:\/\/api.w.org\/{rel}","templated":true}]}}