{"id":5328,"date":"2016-07-12T08:23:17","date_gmt":"2016-07-12T11:23:17","guid":{"rendered":"http:\/\/www.correio24horas.com.br\/blogs\/mesalte\/?p=5328"},"modified":"2016-07-12T08:29:01","modified_gmt":"2016-07-12T11:29:01","slug":"o-silencio-que-machuca-e-a-dor-de-perder-alguem-para-homofobia","status":"publish","type":"post","link":"https:\/\/blogs.correio24horas.com.br\/mesalte\/o-silencio-que-machuca-e-a-dor-de-perder-alguem-para-homofobia\/","title":{"rendered":"O sil\u00eancio que machuca e a dor de perder algu\u00e9m para homofobia"},"content":{"rendered":"<p><em>Por Gilmaro Nogueira*<\/em><\/p>\n<p>J\u00e1 se passaram seis anos e \u00e9 a primeira vez que tenho coragem de falar sobre a dor de perder algu\u00e9m para a homofobia. Eu fa\u00e7o quest\u00e3o de esquecer a data, mas meu corpo sempre lembra. Geralmente eu fiquei doente todos os meses de julho, dos \u00faltimos seis anos. O que ocorre de mais\u00c2\u00a0estranho \u00e9 sentir punhaladas no peito, achar que \u00e9 algum problema no cora\u00e7\u00e3o e no dia seguinte lembrar que foi a\u00c2\u00a0data que meu companheiro foi assassinado (Isaac Sousa Matos).<\/p>\n<p>Este ano, al\u00e9m dos avisos que meu corpo recebe, os quais n\u00e3o tenho explica\u00e7\u00f5es, a morte de Leonardo Sousa ou L\u00e9o, como era chamado, faz quest\u00e3o de me trazer todos os sentimentos \u00e0 \u00a0 tona. L\u00e9o foi espancado ap\u00f3s sair de uma boate no Rio Vermelho-SSA. Ap\u00f3s atendimento m\u00e9dico, foi liberado, teve complica\u00e7\u00f5es e faleceu.<\/p>\n<p>Retorno ao dia 10\/07\/2011, ao chegar em casa e encontrar meu companheiro esfaqueado. Eu sem saber o que fazer, pensar&#8230; sem estar pronto para vivenciar um ato de brutalidade. N\u00e3o sei ainda como tive condi\u00e7\u00f5es de viver aquele momento e, talvez s\u00f3 seja poss\u00edvel porque ele \u00e9 um fato imprevis\u00edvel, que voc\u00ea n\u00e3o est\u00e1 preparado. Passaram-se dois anos para que eu pudesse entender que a morte leva a pessoa, para n\u00e3o ficar esperando ela chegar em casa, telefonar e, enfim, eu acordar de um pesadelo. Dois anos para aceitar a morte e uma vida para n\u00e3o aceitar a perda.<\/p>\n<p><strong>Leia mais<br \/>\n<\/strong><a href=\"http:\/\/www.correio24horas.com.br\/blogs\/mesalte\/morre-produtor-de-eventos-espancado-em-ataque-homofobico-apos-sair-de-festa-no-rio-vermelho\" target=\"_blank\">Morre produtor de eventos espancado em ataque homof\u00f3bico ap\u00f3s sair de festa no Rio Vermelho<\/a><strong><br \/>\n<\/strong><a href=\"http:\/\/www.correio24horas.com.br\/blogs\/mesalte\/morre-produtor-de-eventos-espancado-em-ataque-homofobico-apos-sair-de-festa-no-rio-vermelho\/\" target=\"_blank\">Morre produtor de eventos espancado em ataque homof\u00f3bico ap\u00f3s sair de festa no Rio Vermelho<\/a><br \/>\n<a href=\"http:\/\/www.correio24horas.com.br\/blogs\/mesalte\/boate-onde-produtor-de-eventos-gay-estava-antes-de-ser-espancado-e-morto-divulga-nota-de-repudio\" target=\"_blank\">Boate onde produtor de eventos gay estava antes de ser espancado e morto divulga nota de rep\u00fadio<\/a><br \/>\n<a href=\"http:\/\/www.correio24horas.com.br\/blogs\/mesalte\/produtor-de-eventos-morto-em-ataque-homofobico-comecaria-curso-universitario-em-agosto\" target=\"_blank\">Produtor de eventos morto em ataque homof\u00f3bico come\u00e7aria curso universit\u00e1rio em agosto; enterro ser\u00e1 ter\u00e7a-feira (12)\u00c2\u00a0<\/a><\/p>\n<p>Depois de um tempo, descobrimos que os criminosos roubavam e matavam por dinheiro e j\u00e1 tinham feito outros crimes de latroc\u00ednio em outros estados. Mas a cena do crime evidencia que, ao se matar\u00c2\u00a0um homossexual, n\u00e3o se quer tirar a vida, mas castig\u00e1-lo, puni-lo por n\u00e3o ser heterossexual. Os crimes s\u00e3o atos de brutalidade. Geralmente, quando um heterossexual \u00e9 assaltado, leva-se os pertences. Quando um homossexual \u00e9 assaltado, leva-se a vida, com um requinte de crueldade, com atos brutais contra seu corpo. Isso marca a diferen\u00e7a de um assalto ou morte de um indiv\u00edduo heterossexual e outro homossexual. Os corpos dos segundos s\u00e3o golpeados n\u00e3o apenas para tirar-lhes a vida, mas para vingar-se de sua exist\u00eancia.<\/p>\n<p>Dois anos para que eu pudesse esquecer as brutalidades feitas ao corpo, porque enfim, hoje, penso que o corpo de quem vai agora n\u00e3o sofre, nem sente dor. Brutalidade que machuca quem fica, pela perda, por n\u00e3o conseguir imaginar tamanha covardia e desumanidade.<\/p>\n<p>E no mesmo dia que L\u00e9o foi espancado, outro rapaz tamb\u00e9m foi agredido no mesmo bairro. N\u00e3o s\u00e3o acasos. N\u00e3o s\u00e3o aleat\u00f3rios. Jamais consegui ler os coment\u00e1rios das pessoas sobre a morte de Isaac. Pessoas que o culpavam; outros at\u00e9 se alegravam com sua morte. Uma sociedade que n\u00e3o sente a dor da perda, de m\u00e3es, pais, irm\u00e3os e amigos, e que nega a determinadas pessoas sua humanidade, n\u00e3o pode considerar que o assassinato seja um acaso, mas um itiner\u00e1rio de viol\u00eancia que se inicia nas piadas, no bullying e passa ao ato &#8211; a morte.<\/p>\n<p>Hoje, Leo nos deixou. Em alguns dias, outro o far\u00e1 pelo mesmo motivo. Hoje, ele \u00e9 not\u00edcia, amanh\u00e3 ele ser\u00e1 esquecimento. Sua fam\u00edlia vai estar marcada para sempre, enquanto a m\u00eddia ir\u00e1 se concentrar em outro corpo, pois, infelizmente, a homofobia n\u00e3o para.<\/p>\n<p>D\u00f3i a perda, a falta, a lembran\u00e7a do crime, a lembran\u00e7a da vida. D\u00f3i o sil\u00eancio da sociedade e d\u00f3i cada vez que<br \/>\nalgu\u00e9m diz que homofobia e transfobia n\u00e3o existe. D\u00f3i ver nossas vidas usadas para pol\u00edtica partid\u00e1ria e troca de votos.<\/p>\n<p>N\u00e3o tem um dia sem que eu entre em casa fechando a porta rapidamente, com medo, pois a experi\u00eancia me ensinou que n\u00e3o posso confiar nas pessoas, nos humanos, que meu corpo pode ser silenciado e serei not\u00edcia por uma semana.<\/p>\n<p>Sem esquecer dos assassinatos transf\u00f3bicos, que n\u00e3o causam como\u00e7\u00e3o social, que n\u00e3o produzem perfis somos todos trans!\u009d e que n\u00e3o geram choro e clamor.<\/p>\n<p>Em mem\u00f3ria de Isaac, de Leo Sousa e Diego Vieira.<\/p>\n<p>&nbsp;<\/p>\n<p>* \u00c9 psic\u00f3logo, membro do grupo de pesquisa CUS da Ufba e do grupo M\u00e3es Pela Diversidade<\/p>\n<p>&nbsp;<\/p>\n","protected":false},"excerpt":{"rendered":"<p>Por Gilmaro Nogueira* J\u00e1 se passaram seis anos e \u00e9 a primeira vez que tenho coragem de falar sobre a dor de perder algu\u00e9m para a [&hellip;]<\/p>\n","protected":false},"author":1,"featured_media":0,"comment_status":"open","ping_status":"open","sticky":false,"template":"","format":"image","meta":{"footnotes":""},"categories":[80,11],"tags":[],"class_list":["post-5328","post","type-post","status-publish","format-image","hentry","category-home","category-me-informo","post_format-post-format-image"],"_links":{"self":[{"href":"https:\/\/blogs.correio24horas.com.br\/mesalte\/wp-json\/wp\/v2\/posts\/5328","targetHints":{"allow":["GET"]}}],"collection":[{"href":"https:\/\/blogs.correio24horas.com.br\/mesalte\/wp-json\/wp\/v2\/posts"}],"about":[{"href":"https:\/\/blogs.correio24horas.com.br\/mesalte\/wp-json\/wp\/v2\/types\/post"}],"author":[{"embeddable":true,"href":"https:\/\/blogs.correio24horas.com.br\/mesalte\/wp-json\/wp\/v2\/users\/1"}],"replies":[{"embeddable":true,"href":"https:\/\/blogs.correio24horas.com.br\/mesalte\/wp-json\/wp\/v2\/comments?post=5328"}],"version-history":[{"count":2,"href":"https:\/\/blogs.correio24horas.com.br\/mesalte\/wp-json\/wp\/v2\/posts\/5328\/revisions"}],"predecessor-version":[{"id":5330,"href":"https:\/\/blogs.correio24horas.com.br\/mesalte\/wp-json\/wp\/v2\/posts\/5328\/revisions\/5330"}],"wp:attachment":[{"href":"https:\/\/blogs.correio24horas.com.br\/mesalte\/wp-json\/wp\/v2\/media?parent=5328"}],"wp:term":[{"taxonomy":"category","embeddable":true,"href":"https:\/\/blogs.correio24horas.com.br\/mesalte\/wp-json\/wp\/v2\/categories?post=5328"},{"taxonomy":"post_tag","embeddable":true,"href":"https:\/\/blogs.correio24horas.com.br\/mesalte\/wp-json\/wp\/v2\/tags?post=5328"}],"curies":[{"name":"wp","href":"https:\/\/api.w.org\/{rel}","templated":true}]}}