{"id":5324,"date":"2016-07-11T18:18:51","date_gmt":"2016-07-11T21:18:51","guid":{"rendered":"http:\/\/www.correio24horas.com.br\/blogs\/mesalte\/?p=5324"},"modified":"2016-07-11T18:21:30","modified_gmt":"2016-07-11T21:21:30","slug":"policia-solicita-imagens-de-cameras-de-seguranca-do-rio-vermelho-para-apurar-ataque-homofobico-que-matou-estudante","status":"publish","type":"post","link":"https:\/\/blogs.correio24horas.com.br\/mesalte\/policia-solicita-imagens-de-cameras-de-seguranca-do-rio-vermelho-para-apurar-ataque-homofobico-que-matou-estudante\/","title":{"rendered":"Pol\u00edcia solicita imagens de c\u00e2meras de seguran\u00e7a do Rio Vermelho para apurar ataque homof\u00f3bico que matou estudante"},"content":{"rendered":"<p>A Pol\u00edcia Civil da Bahia divulgou, no final da tarde dessa segunda-feira (11), que \u00c2\u00a0a\u00c2\u00a0delegada Mariana Ouais, titular da 1\u00aa Delegacia de Homic\u00eddios (DH\/Atl\u00e2ntico) \u00c2\u00a0solicitou imagens de c\u00e2meras de seguran\u00e7a de estabelecimentos no trecho percorrido pelo estudante Leonardo Moura, depois de deixar uma boate, no bairro do Rio Vermelho, at\u00e9 a Praia da Paci\u00eancia, onde foi encontrado ferido, na manh\u00e3 de s\u00e1bado (9).<\/p>\n<p>&#8220;As imagens coletadas poder\u00e3o auxiliar nas investiga\u00e7\u00f5es, j\u00e1 que Leonardo foi encontrado h\u00e1 cerca de 800 metros do local onde deixou um amigo, num ponto de \u00f4nibus, no Rio Vermelho, por volta de 5h30, depois de sa\u00edrem de uma festa numa boate. O celular dele tamb\u00e9m n\u00e3o foi localizado e a pol\u00edcia n\u00e3o descarta nenhuma linha de investiga\u00e7\u00e3o.\u00c2\u00a0Um pescador encontrou a v\u00edtima ca\u00edda na praia e acionou uma ambul\u00e2ncia do SAMU, que o socorreu para o Hospital Geral do Estado (HGE)&#8221;, explicou a pol\u00edcia.<\/p>\n<p>A motiva\u00e7\u00e3o homof\u00f3bica \u00e9 apontada pelos amigos e parentes de Leonardo como a principal causa do crime j\u00e1 que ele foi encontrado com todos os seus pertences.<\/p>\n<blockquote><p>Foi um crime homof\u00f3bico. N\u00e3o roubaram nada dele. Foram cru\u00e9is e espancaram ele para matar\u009d, Afonso Leiro, amigo da v\u00edtima<\/p><\/blockquote>\n<p><strong>Leia mais<br \/>\n<\/strong><a href=\"http:\/\/www.correio24horas.com.br\/blogs\/mesalte\/morre-produtor-de-eventos-espancado-em-ataque-homofobico-apos-sair-de-festa-no-rio-vermelho\" target=\"_blank\">Morre produtor de eventos espancado em ataque homof\u00f3bico ap\u00f3s sair de festa no Rio Vermelho<\/a><strong><br \/>\n<\/strong><a href=\"http:\/\/www.correio24horas.com.br\/blogs\/mesalte\/morre-produtor-de-eventos-espancado-em-ataque-homofobico-apos-sair-de-festa-no-rio-vermelho\/\" target=\"_blank\">Morre produtor de eventos espancado em ataque homof\u00f3bico ap\u00f3s sair de festa no Rio Vermelho<\/a><br \/>\n<a href=\"http:\/\/www.correio24horas.com.br\/blogs\/mesalte\/boate-onde-produtor-de-eventos-gay-estava-antes-de-ser-espancado-e-morto-divulga-nota-de-repudio\" target=\"_blank\">Boate onde produtor de eventos gay estava antes de ser espancado e morto divulga nota de rep\u00fadio<\/a><br \/>\n<a href=\"http:\/\/www.correio24horas.com.br\/blogs\/mesalte\/produtor-de-eventos-morto-em-ataque-homofobico-comecaria-curso-universitario-em-agosto\" target=\"_blank\">Produtor de eventos morto em ataque homof\u00f3bico come\u00e7aria curso universit\u00e1rio em agosto; enterro ser\u00e1 ter\u00e7a-feira (12)\u00c2\u00a0<\/a><\/p>\n<p>Na nota divulgada, a pol\u00edcia diz que familiares do jovem, ouvidos, na manh\u00e3 desta segunda-feira (11), pela delegada, informaram que Leonardo foi atendido por uma m\u00e9dica que solicitou tomografias, mas ele recusou o atendimento, sendo liberado ap\u00f3s assinar um termo de responsabilidade.<\/p>\n<p>&#8220;Do lado de fora, um vigilante abordou Leonardo, que estava deitado num dos bancos da unidade e questionou se ele desejava que chamasse um parente para lev\u00e1-lo para casa, o que foi feito. Ainda segundo parentes, j\u00e1 em casa, Leonardo sentiu-se mal, por volta de 15 horas, retornando ao HGE, onde foi transferido, logo que chegou, para o Centro Cir\u00fargico. Ele morreu por volta das 6 horas, desta segunda-feira (11)&#8221;, destacou a pol\u00edcia atrav\u00e9s do comunicado.<\/p>\n<div id=\"attachment_5294\" style=\"width: 970px\" class=\"wp-caption aligncenter\"><img loading=\"lazy\" decoding=\"async\" aria-describedby=\"caption-attachment-5294\" class=\"wp-image-5294 size-full\" src=\"http:\/\/www.correio24horas.com.br\/blogs\/mesalte\/wp-content\/uploads\/2016\/07\/Leonardo-Moura_.jpg\" alt=\"Leonardo Moura_\" width=\"960\" height=\"960\" srcset=\"https:\/\/blogs.correio24h.com.br\/mesalte\/wp-content\/uploads\/2016\/07\/Leonardo-Moura_.jpg 960w, https:\/\/blogs.correio24h.com.br\/mesalte\/wp-content\/uploads\/2016\/07\/Leonardo-Moura_-150x150.jpg 150w, https:\/\/blogs.correio24h.com.br\/mesalte\/wp-content\/uploads\/2016\/07\/Leonardo-Moura_-300x300.jpg 300w, https:\/\/blogs.correio24h.com.br\/mesalte\/wp-content\/uploads\/2016\/07\/Leonardo-Moura_-768x768.jpg 768w, https:\/\/blogs.correio24h.com.br\/mesalte\/wp-content\/uploads\/2016\/07\/Leonardo-Moura_-146x146.jpg 146w, https:\/\/blogs.correio24h.com.br\/mesalte\/wp-content\/uploads\/2016\/07\/Leonardo-Moura_-50x50.jpg 50w, https:\/\/blogs.correio24h.com.br\/mesalte\/wp-content\/uploads\/2016\/07\/Leonardo-Moura_-80x80.jpg 80w, https:\/\/blogs.correio24h.com.br\/mesalte\/wp-content\/uploads\/2016\/07\/Leonardo-Moura_-75x75.jpg 75w, https:\/\/blogs.correio24h.com.br\/mesalte\/wp-content\/uploads\/2016\/07\/Leonardo-Moura_-85x85.jpg 85w\" sizes=\"auto, (max-width: 960px) 100vw, 960px\" \/><p id=\"caption-attachment-5294\" class=\"wp-caption-text\">Foto: Reprodu\u00e7\u00e3o<\/p><\/div>\n<p>A delegada encaminhou um of\u00edcio ao HGE e ao SAMU, solicitando as informa\u00e7\u00f5es referentes aos atendimentos prestados \u00e0 \u00a0 Leonardo, as quais tamb\u00e9m poder\u00e3o ajudar a esclarecer o crime. &#8220;Uma equipe do DHPP foi deslocada para o HGE, onde apuraram que, nos momentos em que estava l\u00facida, a v\u00edtima disse n\u00e3o se recordar de ter sofrido agress\u00f5es. Em casa, ele tamb\u00e9m n\u00e3o descreveu o que tinha ocorrido, segundo familiares&#8221;, destacou a pol\u00edcia.<\/p>\n","protected":false},"excerpt":{"rendered":"<p>A Pol\u00edcia Civil da Bahia divulgou, no final da tarde dessa segunda-feira (11), que \u00c2\u00a0a\u00c2\u00a0delegada Mariana Ouais, titular da 1\u00aa Delegacia de Homic\u00eddios (DH\/Atl\u00e2ntico) \u00c2\u00a0solicitou imagens [&hellip;]<\/p>\n","protected":false},"author":1,"featured_media":0,"comment_status":"open","ping_status":"open","sticky":false,"template":"","format":"image","meta":{"footnotes":""},"categories":[80,11],"tags":[],"class_list":["post-5324","post","type-post","status-publish","format-image","hentry","category-home","category-me-informo","post_format-post-format-image"],"_links":{"self":[{"href":"https:\/\/blogs.correio24horas.com.br\/mesalte\/wp-json\/wp\/v2\/posts\/5324","targetHints":{"allow":["GET"]}}],"collection":[{"href":"https:\/\/blogs.correio24horas.com.br\/mesalte\/wp-json\/wp\/v2\/posts"}],"about":[{"href":"https:\/\/blogs.correio24horas.com.br\/mesalte\/wp-json\/wp\/v2\/types\/post"}],"author":[{"embeddable":true,"href":"https:\/\/blogs.correio24horas.com.br\/mesalte\/wp-json\/wp\/v2\/users\/1"}],"replies":[{"embeddable":true,"href":"https:\/\/blogs.correio24horas.com.br\/mesalte\/wp-json\/wp\/v2\/comments?post=5324"}],"version-history":[{"count":3,"href":"https:\/\/blogs.correio24horas.com.br\/mesalte\/wp-json\/wp\/v2\/posts\/5324\/revisions"}],"predecessor-version":[{"id":5327,"href":"https:\/\/blogs.correio24horas.com.br\/mesalte\/wp-json\/wp\/v2\/posts\/5324\/revisions\/5327"}],"wp:attachment":[{"href":"https:\/\/blogs.correio24horas.com.br\/mesalte\/wp-json\/wp\/v2\/media?parent=5324"}],"wp:term":[{"taxonomy":"category","embeddable":true,"href":"https:\/\/blogs.correio24horas.com.br\/mesalte\/wp-json\/wp\/v2\/categories?post=5324"},{"taxonomy":"post_tag","embeddable":true,"href":"https:\/\/blogs.correio24horas.com.br\/mesalte\/wp-json\/wp\/v2\/tags?post=5324"}],"curies":[{"name":"wp","href":"https:\/\/api.w.org\/{rel}","templated":true}]}}