{"id":5309,"date":"2016-07-11T14:28:56","date_gmt":"2016-07-11T17:28:56","guid":{"rendered":"http:\/\/www.correio24horas.com.br\/blogs\/mesalte\/?p=5309"},"modified":"2016-07-11T14:28:56","modified_gmt":"2016-07-11T17:28:56","slug":"boate-onde-produtor-de-eventos-gay-estava-antes-de-ser-espancado-e-morto-divulga-nota-de-repudio","status":"publish","type":"post","link":"https:\/\/blogs.correio24horas.com.br\/mesalte\/boate-onde-produtor-de-eventos-gay-estava-antes-de-ser-espancado-e-morto-divulga-nota-de-repudio\/","title":{"rendered":"Boate onde produtor de eventos gay estava antes de ser espancado e morto divulga nota de rep\u00fadio"},"content":{"rendered":"<p>O Grupo San Sebastian, divulgou hoje uma nota de rep\u00fadio ao ataque que <a href=\"http:\/\/www.correio24horas.com.br\/blogs\/mesalte\/morre-produtor-de-eventos-espancado-em-ataque-homofobico-apos-sair-de-festa-no-rio-vermelho\/\" target=\"_blank\">aconteceu com o jovem Leonardo Moura<\/a>. L\u00e9o, com era conhecido, tinha 29 anos e foi espancado no \u00faltimo s\u00e1bado (9) depois que saiu da boate San Sebastian. \u00c2\u00a0A motiva\u00e7\u00e3o homof\u00f3bica \u00e9 apontada pelos amigos e parentes de Leonardo como a principal causa do crime j\u00e1 que ele foi encontrado com todos os seus pertences. O grupo pediu Justi\u00e7a e refor\u00e7ou apoio \u00e0 \u00a0 causa. Sexta-feira (15) um <a href=\"http:\/\/www.correio24horas.com.br\/blogs\/mesalte\/militancia-lgbt-realiza-ato-contra-a-violencia-apos-morte-de-produtor-em-ataque-homofobico\/\" target=\"_blank\">protesto,<\/a> organizado por grupos militantes, sair\u00e1 da frente da boate no Rio Vermelho em ato contra LGBTfobia.<\/p>\n<div id=\"attachment_5302\" style=\"width: 954px\" class=\"wp-caption aligncenter\"><img loading=\"lazy\" decoding=\"async\" aria-describedby=\"caption-attachment-5302\" class=\"size-full wp-image-5302\" src=\"http:\/\/www.correio24horas.com.br\/blogs\/mesalte\/wp-content\/uploads\/2016\/07\/13566968_1223441141013470_6634042621639149355_n.jpg\" alt=\"Produtor de eventos tinha sa\u00eddo da boate\" width=\"944\" height=\"960\" srcset=\"https:\/\/blogs.correio24h.com.br\/mesalte\/wp-content\/uploads\/2016\/07\/13566968_1223441141013470_6634042621639149355_n.jpg 944w, https:\/\/blogs.correio24h.com.br\/mesalte\/wp-content\/uploads\/2016\/07\/13566968_1223441141013470_6634042621639149355_n-295x300.jpg 295w, https:\/\/blogs.correio24h.com.br\/mesalte\/wp-content\/uploads\/2016\/07\/13566968_1223441141013470_6634042621639149355_n-768x781.jpg 768w, https:\/\/blogs.correio24h.com.br\/mesalte\/wp-content\/uploads\/2016\/07\/13566968_1223441141013470_6634042621639149355_n-144x146.jpg 144w, https:\/\/blogs.correio24h.com.br\/mesalte\/wp-content\/uploads\/2016\/07\/13566968_1223441141013470_6634042621639149355_n-50x50.jpg 50w, https:\/\/blogs.correio24h.com.br\/mesalte\/wp-content\/uploads\/2016\/07\/13566968_1223441141013470_6634042621639149355_n-80x80.jpg 80w, https:\/\/blogs.correio24h.com.br\/mesalte\/wp-content\/uploads\/2016\/07\/13566968_1223441141013470_6634042621639149355_n-74x75.jpg 74w, https:\/\/blogs.correio24h.com.br\/mesalte\/wp-content\/uploads\/2016\/07\/13566968_1223441141013470_6634042621639149355_n-85x85.jpg 85w\" sizes=\"auto, (max-width: 944px) 100vw, 944px\" \/><p id=\"caption-attachment-5302\" class=\"wp-caption-text\">Produtor de eventos tinha sa\u00eddo da boate<\/p><\/div>\n<p><strong>Leia abaixo a nota na \u00edntegra<br \/>\n<\/strong><em>O Grupo San Sebastian repudia qualquer a\u00e7\u00e3o violenta e de preconceito e continuar\u00e1 fazendo parte do grupo de pessoas e empresas que se indignam com casos como o do jovem Leonardo Moura, cliente da nossa casa, agredido no \u00faltimo fim de semana, no Rio Vermelho, apresentado recentemente como &#8220;Bairro da Diversidade&#8221;, pela Prefeitura de Salvador. Lamentamos o ocorrido, nos solidarizamos com a fam\u00edlia e torcemos para que a Justi\u00e7a seja feita e que os \u00f3rg\u00e3os competentes se esforcem para oferecer \u00e0 \u00a0 popula\u00e7\u00e3o da cidade condi\u00e7\u00f5es de seguran\u00e7a a qualquer hora do dia, em qualquer lugar da cidade. Torcemos para que, cada vez mais, a Diversidade tenha espa\u00e7o em nossa capital e em todo o Brasil.<\/em><\/p>\n<p><img loading=\"lazy\" decoding=\"async\" class=\"aligncenter size-full wp-image-5310\" src=\"http:\/\/www.correio24horas.com.br\/blogs\/mesalte\/wp-content\/uploads\/2016\/07\/San.jpg\" alt=\"San\" width=\"960\" height=\"960\" srcset=\"https:\/\/blogs.correio24h.com.br\/mesalte\/wp-content\/uploads\/2016\/07\/San.jpg 960w, https:\/\/blogs.correio24h.com.br\/mesalte\/wp-content\/uploads\/2016\/07\/San-150x150.jpg 150w, https:\/\/blogs.correio24h.com.br\/mesalte\/wp-content\/uploads\/2016\/07\/San-300x300.jpg 300w, https:\/\/blogs.correio24h.com.br\/mesalte\/wp-content\/uploads\/2016\/07\/San-768x768.jpg 768w, https:\/\/blogs.correio24h.com.br\/mesalte\/wp-content\/uploads\/2016\/07\/San-146x146.jpg 146w, https:\/\/blogs.correio24h.com.br\/mesalte\/wp-content\/uploads\/2016\/07\/San-50x50.jpg 50w, https:\/\/blogs.correio24h.com.br\/mesalte\/wp-content\/uploads\/2016\/07\/San-80x80.jpg 80w, https:\/\/blogs.correio24h.com.br\/mesalte\/wp-content\/uploads\/2016\/07\/San-75x75.jpg 75w, https:\/\/blogs.correio24h.com.br\/mesalte\/wp-content\/uploads\/2016\/07\/San-85x85.jpg 85w\" sizes=\"auto, (max-width: 960px) 100vw, 960px\" \/><\/p>\n<p>&nbsp;<\/p>\n","protected":false},"excerpt":{"rendered":"<p>O Grupo San Sebastian, divulgou hoje uma nota de rep\u00fadio ao ataque que aconteceu com o jovem Leonardo Moura. L\u00e9o, com era conhecido, tinha 29 anos [&hellip;]<\/p>\n","protected":false},"author":1,"featured_media":0,"comment_status":"open","ping_status":"open","sticky":false,"template":"","format":"image","meta":{"footnotes":""},"categories":[80,11],"tags":[],"class_list":["post-5309","post","type-post","status-publish","format-image","hentry","category-home","category-me-informo","post_format-post-format-image"],"_links":{"self":[{"href":"https:\/\/blogs.correio24horas.com.br\/mesalte\/wp-json\/wp\/v2\/posts\/5309","targetHints":{"allow":["GET"]}}],"collection":[{"href":"https:\/\/blogs.correio24horas.com.br\/mesalte\/wp-json\/wp\/v2\/posts"}],"about":[{"href":"https:\/\/blogs.correio24horas.com.br\/mesalte\/wp-json\/wp\/v2\/types\/post"}],"author":[{"embeddable":true,"href":"https:\/\/blogs.correio24horas.com.br\/mesalte\/wp-json\/wp\/v2\/users\/1"}],"replies":[{"embeddable":true,"href":"https:\/\/blogs.correio24horas.com.br\/mesalte\/wp-json\/wp\/v2\/comments?post=5309"}],"version-history":[{"count":1,"href":"https:\/\/blogs.correio24horas.com.br\/mesalte\/wp-json\/wp\/v2\/posts\/5309\/revisions"}],"predecessor-version":[{"id":5311,"href":"https:\/\/blogs.correio24horas.com.br\/mesalte\/wp-json\/wp\/v2\/posts\/5309\/revisions\/5311"}],"wp:attachment":[{"href":"https:\/\/blogs.correio24horas.com.br\/mesalte\/wp-json\/wp\/v2\/media?parent=5309"}],"wp:term":[{"taxonomy":"category","embeddable":true,"href":"https:\/\/blogs.correio24horas.com.br\/mesalte\/wp-json\/wp\/v2\/categories?post=5309"},{"taxonomy":"post_tag","embeddable":true,"href":"https:\/\/blogs.correio24horas.com.br\/mesalte\/wp-json\/wp\/v2\/tags?post=5309"}],"curies":[{"name":"wp","href":"https:\/\/api.w.org\/{rel}","templated":true}]}}