{"id":5293,"date":"2016-07-11T11:27:08","date_gmt":"2016-07-11T14:27:08","guid":{"rendered":"http:\/\/www.correio24horas.com.br\/blogs\/mesalte\/?p=5293"},"modified":"2016-07-11T14:56:24","modified_gmt":"2016-07-11T17:56:24","slug":"morre-produtor-de-eventos-espancado-em-ataque-homofobico-apos-sair-de-festa-no-rio-vermelho","status":"publish","type":"post","link":"https:\/\/blogs.correio24horas.com.br\/mesalte\/morre-produtor-de-eventos-espancado-em-ataque-homofobico-apos-sair-de-festa-no-rio-vermelho\/","title":{"rendered":"Morre produtor de eventos espancado em ataque homof\u00f3bico ap\u00f3s sair de festa no Rio Vermelho"},"content":{"rendered":"<p>Morreu na manh\u00e3 dessa segunda-feira (11) o estudante e promotor de eventos\u00c2\u00a0Leonardo Moura, \u00c2\u00a029 anos, que foi\u00c2\u00a0v\u00edtima de um ataque homof\u00f3bico na madrugada de s\u00e1bado (9) no bairro do Rio Vermelho, em Salvador. Leonardo, segundo relato de amigos e parentes, foi atacado depois que saiu da boate San Sebastian e seguia andando pela rua da Paci\u00eancia, tamb\u00e9m no Rio Vermelho.<\/p>\n<p>&#8220;Ele estava com um amigo e se despediram quando sa\u00edram da boate e ele seguiu andando em dire\u00e7\u00e3o oposta. Ele foi socorrido pelo Samu, levado para o hospital mas foi liberado. Quando ele chegou em casa come\u00e7ou a sentir dores e voltou para o hospital. Ele chegou a fazer uma cirurgia, perdeu o rim, mas n\u00e3o resistiu aos ferimentos e morreu na madrugada de hoje (11)&#8221;, contou Afonso Leiro, amigo de inf\u00e2ncia.<\/p>\n<p>A motiva\u00e7\u00e3o homof\u00f3bica \u00e9 apontada pelos amigos e parentes de Leonardo como a principal causa do crime j\u00e1 que ele foi encontrado com todos os seus pertences.<\/p>\n<blockquote><p>&#8220;Foi um crime homof\u00f3bico. N\u00e3o roubaram nada dele. Foram cru\u00e9is e espancaram ele para matar&#8221;, Afonso Leiro, amigo da v\u00edtima<\/p><\/blockquote>\n<p>O ataque aconteceu por volta das 5h30. Leonardo foi encontrado nas proximidades do restaurante Sukiaki &#8211; que fica a 1 km da boate &#8211; desacordado no ch\u00e3o. &#8220;N\u00e3o sabemos como foi o ataque, mas ele foi socorrido por pessoas que estavam passando e viram ele ca\u00eddo no ch\u00e3o&#8221;, relatou\u00c2\u00a0Paulo Issami, primo da v\u00edtima. Leonardo morava na Barra. &#8220;N\u00e3o sabemos se ele foi andando para tentar pegar um \u00f4nibus ou um t\u00e1xi ou por outro motivo&#8221;, disse o amigo.<\/p>\n<p>No\u00c2\u00a0Hospital Geral do Estado, para onde foi levado, L\u00e9o &#8211; como era chamado pelos amigos &#8211; chegou a recobrar a consci\u00eancia mas n\u00e3o se lembrou de nada. &#8220;Ele s\u00f3 lembrava que tinha sa\u00eddo da San e se despedido do amigo. Acho que foi efeito da quantidade de pancadas que ele levou&#8221;, ressalta Afonso.<\/p>\n<p>Amigo da v\u00edtima,\u00c2\u00a0Vin\u00edcius Sapucaia desabafou:\u00c2\u00a0&#8220;\u00c9 muito chocante isso que aconteceu. Ele n\u00e3o teve chance de se defender&#8221;. \u00c2\u00a0Os familiares n\u00e3o sabem ainda o motivo pelo qual L\u00e9o estava andando na rua. &#8220;N\u00e3o sabemos o que aconteceu ao certo<\/p>\n<p>Antes de ir para a boate,\u00c2\u00a0L\u00e9o &#8211; \u00c2\u00a0que faria anivers\u00e1rio de 30 anos no dia 27 de julho &#8211; estava numa confraterniza\u00e7\u00e3o com amigos. &#8220;Ele era uma pessoa maravilhosa. Pac\u00edfico, bom amigo e uma pessoa do bem&#8221;, ressaltou Afonso.\u00c2\u00a0O corpo de L\u00e9o est\u00e1 no Instituto M\u00e9dico Legal. Ainda n\u00e3o h\u00e1 informa\u00e7\u00f5es sobre a data nem hor\u00e1rio do sepultamento. \u00c2\u00a0A fam\u00edlia aguarda a chegada da m\u00e3e dele em Salvador para tratar dessas quest\u00f5es.<\/p>\n<p>O delegado L\u00edbio Otero, do Departamento de Homic\u00eddios e Prote\u00e7\u00e3o \u00e0 \u00a0 Pessoa (DHPP), informou que <a href=\"http:\/\/www.correio24horas.com.br\/detalhe\/salvador\/noticia\/policia-tenta-identificar-agressor-de-rapaz-morto-apos-deixar-boate-gay-no-rio-vermelho\/?cHash=a4eb429cecded2b9a465d6697b617218\" target=\"_blank\">vai pedir uma per\u00edcia<\/a> na regi\u00e3o da Paci\u00eancia, onde o rapaz foi achado desacordado. A pol\u00edcia tamb\u00e9m ir\u00e1 \u00e0 \u00a0 San Sebastian e em locais pr\u00f3ximos em busca de informa\u00e7\u00f5es e imagens de c\u00e2meras de seguran\u00e7a que possam ajudar a identificar o agressor do rapaz.<\/p>\n<p><strong>Protesto<\/strong><br \/>\nA comunidade LGBT de Salvador acordou de luto hoje com a not\u00edcia da morte do estudante e produtor de eventos Leonardo Moura, 29 anos, que morreu ap\u00f3s ser v\u00edtima de ataque homof\u00f3bico no bairro do Rio Vermelho.\u00c2\u00a0Em protesto, grupos de milit\u00e2ncia com atua\u00e7\u00e3o na Bahia marcou para sexta-feira (15) ato de combate \u00e0 \u00a0s situa\u00e7\u00f5es de viol\u00eancia. Batizado de <a href=\"http:\/\/www.correio24horas.com.br\/blogs\/mesalte\/militancia-lgbt-realiza-ato-contra-a-violencia-apos-morte-de-produtor-em-ataque-homofobico\/\" target=\"_blank\">Chega de LGBTfobia<\/a>, o protesto sair\u00e1 \u00e0 \u00a0s 18h da boate San Sebastian , de onde L\u00e9o \u201c com era chamado pelos amigos \u201c saiu antes de ser atacado.\u00c2\u00a0Chega de tantas mortes de tantas viol\u00eancias. Nossxs filhxs n\u00e3o nasceram para virarem estat\u00edsticas\u009d, destaca In\u00eas Silva, coordenadora do coletivo M\u00e3es Pela Diversidade \u201c Bahia, um dos grupos que organizam o <a href=\"https:\/\/www.facebook.com\/events\/978997088884257\/\" target=\"_blank\">evento<\/a>.<\/p>\n<p><em>Not\u00edcia atualizada \u00e0 \u00a0s 14h56 de 11\/07<\/em><\/p>\n<p><strong>Leia mais<\/strong><br \/>\n<a href=\"http:\/\/www.correio24horas.com.br\/blogs\/mesalte\/professores-homossexuais-sao-assassinados-e-corpos-sao-queimados-no-interior-da-bahia\" target=\"_blank\">Professores homossexuais s\u00e3o assassinados e corpos s\u00e3o queimados no interior da Bahia<\/a><\/p>\n<p>_____________________________________________<em>_________________________________________<\/em><br \/>\n<em>O Me Salte \u00e9 o canal LGBT do jornal CORREIO. Acesse www.correio24horas.com.br\/mesalte e tenha informa\u00e7\u00f5es sobre o universo LGBT de Salvador com informa\u00e7\u00e3o, respeito e fecha\u00e7\u00e3o.\u00c2\u00a0<\/em><\/p>\n<p>&nbsp;<\/p>\n<p>&nbsp;<\/p>\n<p>&nbsp;<\/p>\n<p>&nbsp;<\/p>\n","protected":false},"excerpt":{"rendered":"<p>Morreu na manh\u00e3 dessa segunda-feira (11) o estudante e promotor de eventos\u00c2\u00a0Leonardo Moura, \u00c2\u00a029 anos, que foi\u00c2\u00a0v\u00edtima de um ataque homof\u00f3bico na madrugada de s\u00e1bado (9) [&hellip;]<\/p>\n","protected":false},"author":1,"featured_media":5294,"comment_status":"open","ping_status":"open","sticky":false,"template":"","format":"image","meta":{"footnotes":""},"categories":[80,11],"tags":[],"class_list":["post-5293","post","type-post","status-publish","format-image","has-post-thumbnail","hentry","category-home","category-me-informo","post_format-post-format-image"],"_links":{"self":[{"href":"https:\/\/blogs.correio24horas.com.br\/mesalte\/wp-json\/wp\/v2\/posts\/5293","targetHints":{"allow":["GET"]}}],"collection":[{"href":"https:\/\/blogs.correio24horas.com.br\/mesalte\/wp-json\/wp\/v2\/posts"}],"about":[{"href":"https:\/\/blogs.correio24horas.com.br\/mesalte\/wp-json\/wp\/v2\/types\/post"}],"author":[{"embeddable":true,"href":"https:\/\/blogs.correio24horas.com.br\/mesalte\/wp-json\/wp\/v2\/users\/1"}],"replies":[{"embeddable":true,"href":"https:\/\/blogs.correio24horas.com.br\/mesalte\/wp-json\/wp\/v2\/comments?post=5293"}],"version-history":[{"count":8,"href":"https:\/\/blogs.correio24horas.com.br\/mesalte\/wp-json\/wp\/v2\/posts\/5293\/revisions"}],"predecessor-version":[{"id":5313,"href":"https:\/\/blogs.correio24horas.com.br\/mesalte\/wp-json\/wp\/v2\/posts\/5293\/revisions\/5313"}],"wp:featuredmedia":[{"embeddable":true,"href":"https:\/\/blogs.correio24horas.com.br\/mesalte\/wp-json\/wp\/v2\/media\/5294"}],"wp:attachment":[{"href":"https:\/\/blogs.correio24horas.com.br\/mesalte\/wp-json\/wp\/v2\/media?parent=5293"}],"wp:term":[{"taxonomy":"category","embeddable":true,"href":"https:\/\/blogs.correio24horas.com.br\/mesalte\/wp-json\/wp\/v2\/categories?post=5293"},{"taxonomy":"post_tag","embeddable":true,"href":"https:\/\/blogs.correio24horas.com.br\/mesalte\/wp-json\/wp\/v2\/tags?post=5293"}],"curies":[{"name":"wp","href":"https:\/\/api.w.org\/{rel}","templated":true}]}}