{"id":5272,"date":"2016-07-09T18:29:46","date_gmt":"2016-07-09T21:29:46","guid":{"rendered":"http:\/\/www.correio24horas.com.br\/blogs\/mesalte\/?p=5272"},"modified":"2016-07-09T18:29:46","modified_gmt":"2016-07-09T21:29:46","slug":"cena-de-beijo-gay-em-tarzan-e-cortada-de-edicao-final-afirma-diretor-do-filme-que-estreia-dia-21-no-brasil","status":"publish","type":"post","link":"https:\/\/blogs.correio24horas.com.br\/mesalte\/cena-de-beijo-gay-em-tarzan-e-cortada-de-edicao-final-afirma-diretor-do-filme-que-estreia-dia-21-no-brasil\/","title":{"rendered":"Cena de beijo gay em \u02dcTarzan\u2122 \u00e9 cortada de edi\u00e7\u00e3o final, afirma diretor do filme que estreia dia 21 no Brasil"},"content":{"rendered":"<p>Uma cena que prometia ser a grande pol\u00eamica do filme &#8220;A Lenda de Tarzan&#8221; , que estreia dia 21 de julho no Brasil, foi cortada na edi\u00e7\u00e3o final do longa-metragem. O diretor do filme, David Yates, afirmou em entrevista \u00e0 \u00a0 The Times, que haveria um beijo entre o vil\u00e3o, interpretado por Christoph Waltz, e o protagonista vivido por Alexander Skarsgard.\u00c2\u00a0Segundo Yates, na cena cortada, o vil\u00e3o beija Tarzan quando ele est\u00e1 inconsciente \u00c2\u00a0e \u00e0 \u00a0 Jane (Margot Robbie): A selvageria do seu marido me perturba mais do que eu consigo expressar\u009d.<\/p>\n<p>N\u00f3s voltamos atr\u00e1s na decis\u00e3o por passarmos do limite. Ficou muito estranho o momento em que Christoph o beija, Na hora que fizemos, amamos a cena, nas sess\u00f5es de teste, a plateia ficou perplexa e, no fim, consideramos que o trecho ficava muito sobrecarregado e n\u00e3o flu\u00eda como o restante do filme\u009d, afirma Yates dizendo que ainda foram cortadas cenas picantes de Tarzan com Jane.<\/p>\n","protected":false},"excerpt":{"rendered":"<p>Uma cena que prometia ser a grande pol\u00eamica do filme &#8220;A Lenda de Tarzan&#8221; , que estreia dia 21 de julho no Brasil, foi cortada na [&hellip;]<\/p>\n","protected":false},"author":1,"featured_media":5273,"comment_status":"open","ping_status":"open","sticky":false,"template":"","format":"image","meta":{"footnotes":""},"categories":[28,80],"tags":[442],"class_list":["post-5272","post","type-post","status-publish","format-image","has-post-thumbnail","hentry","category-farofa-digital","category-home","tag-alendadetarzan","post_format-post-format-image"],"_links":{"self":[{"href":"https:\/\/blogs.correio24horas.com.br\/mesalte\/wp-json\/wp\/v2\/posts\/5272","targetHints":{"allow":["GET"]}}],"collection":[{"href":"https:\/\/blogs.correio24horas.com.br\/mesalte\/wp-json\/wp\/v2\/posts"}],"about":[{"href":"https:\/\/blogs.correio24horas.com.br\/mesalte\/wp-json\/wp\/v2\/types\/post"}],"author":[{"embeddable":true,"href":"https:\/\/blogs.correio24horas.com.br\/mesalte\/wp-json\/wp\/v2\/users\/1"}],"replies":[{"embeddable":true,"href":"https:\/\/blogs.correio24horas.com.br\/mesalte\/wp-json\/wp\/v2\/comments?post=5272"}],"version-history":[{"count":1,"href":"https:\/\/blogs.correio24horas.com.br\/mesalte\/wp-json\/wp\/v2\/posts\/5272\/revisions"}],"predecessor-version":[{"id":5274,"href":"https:\/\/blogs.correio24horas.com.br\/mesalte\/wp-json\/wp\/v2\/posts\/5272\/revisions\/5274"}],"wp:featuredmedia":[{"embeddable":true,"href":"https:\/\/blogs.correio24horas.com.br\/mesalte\/wp-json\/wp\/v2\/media\/5273"}],"wp:attachment":[{"href":"https:\/\/blogs.correio24horas.com.br\/mesalte\/wp-json\/wp\/v2\/media?parent=5272"}],"wp:term":[{"taxonomy":"category","embeddable":true,"href":"https:\/\/blogs.correio24horas.com.br\/mesalte\/wp-json\/wp\/v2\/categories?post=5272"},{"taxonomy":"post_tag","embeddable":true,"href":"https:\/\/blogs.correio24horas.com.br\/mesalte\/wp-json\/wp\/v2\/tags?post=5272"}],"curies":[{"name":"wp","href":"https:\/\/api.w.org\/{rel}","templated":true}]}}