{"id":5143,"date":"2016-07-06T10:11:32","date_gmt":"2016-07-06T13:11:32","guid":{"rendered":"http:\/\/www.correio24horas.com.br\/blogs\/mesalte\/?p=5143"},"modified":"2016-07-06T12:12:06","modified_gmt":"2016-07-06T15:12:06","slug":"respeito-homossexual-mas-odeio-a-viadagem-diz-mc-catra-ao-lado-de-mara-maravilha","status":"publish","type":"post","link":"https:\/\/blogs.correio24horas.com.br\/mesalte\/respeito-homossexual-mas-odeio-a-viadagem-diz-mc-catra-ao-lado-de-mara-maravilha\/","title":{"rendered":"&#8220;Respeito homossexual, mas odeio a viadagem&#8221;, diz Mr. Catra ao lado de Mara Maravilha"},"content":{"rendered":"<p>O tema homossexualidade foi um dos abordados no programa Bate &amp; Volta, da Band, na madrugada da quarta-feira (6) e foi \u00c2\u00a0um show de \u00c2\u00a0homofobia do funkeiro Mr. Catra e da artista evang\u00e9lica Mara Maravilha.\u00c2\u00a0&#8220;Eu respeito o homossexual. Eu odeio a pederastia. Eu odeio a viadagem&#8221;, disse o m\u00fasico.\u00c2\u00a0&#8220;Como \u00e9 a viadagem?&#8221;, questionou Mara que \u00e9\u00c2\u00a0evang\u00e9lica. &#8220;Viadagem \u00e9 que tem cara que \u00e9 t\u00e3o bicha, t\u00e3o bicha que tem medo de dar porque d\u00f3i&#8221;, respondeu Catra.<\/p>\n<div id=\"attachment_5145\" style=\"width: 570px\" class=\"wp-caption aligncenter\"><img loading=\"lazy\" decoding=\"async\" aria-describedby=\"caption-attachment-5145\" class=\"size-full wp-image-5145\" src=\"http:\/\/www.correio24horas.com.br\/blogs\/mesalte\/wp-content\/uploads\/2016\/07\/Mr.-Catra-e-Mara-Maravilha-no-Bate-Volta\u009d.jpg\" alt=\"Dupla deu show de preconceito e homofobia Foto: Divulga\u00e7\u00e3o\" width=\"560\" height=\"343\" \/><p id=\"caption-attachment-5145\" class=\"wp-caption-text\">Dupla deu show de preconceito e homofobia<br \/>Foto: Divulga\u00e7\u00e3o<\/p><\/div>\n<p>Em outro momento da conversa, o funkeiro afirmou que homossexuais nascem homossexuais. Mara, por sua vez, discordou: &#8220;Pra mim, \u00e9 escolha&#8221;. Ele insistiu, e ela disse: &#8220;A\u00ed isso \u00e9 a sua opini\u00e3o&#8221;.\u00c2\u00a0Mara, que j\u00e1 teve outros epis\u00f3dios de homofobia acumulados na carreira, emendou destilando preconceito:\u00c2\u00a0&#8220;O que cada um faz na sua casa, entre quatro paredes, a\u00ed \u00e9 problema de cada um, agora, na sociedade, a gente tem que respeitar&#8221;, disse a artista.\u00c2\u00a0Em 2013, ela afirmou n\u00e3o concordar com casais homossexuais &#8220;se agarrando&#8221; em p\u00fablico e os comparou a aberra\u00e7\u00f5es.<\/p>\n<p>Catra ainda emendou:\u00c2\u00a0&#8220;Voc\u00ea pode ver: todo homof\u00f3bico \u00e9 viado. Todo homof\u00f3bico \u00e9 viado. Todo cara que tem neurose com homossexual&#8230;&#8221;, disse. Se voc\u00ea tiver est\u00f4mago, veja <a href=\"http:\/\/entretenimento.band.uol.com.br\/batevolta\/videos\/15918687\/catra-respeito-homossexual-mas-odeio-viadagem.html\" target=\"_blank\">aqui <\/a>um trecho do bate papo.<\/p>\n","protected":false},"excerpt":{"rendered":"<p>O tema homossexualidade foi um dos abordados no programa Bate &amp; Volta, da Band, na madrugada da quarta-feira (6) e foi \u00c2\u00a0um show de \u00c2\u00a0homofobia do [&hellip;]<\/p>\n","protected":false},"author":1,"featured_media":5144,"comment_status":"open","ping_status":"open","sticky":false,"template":"","format":"standard","meta":{"footnotes":""},"categories":[28,80],"tags":[434],"class_list":["post-5143","post","type-post","status-publish","format-standard","has-post-thumbnail","hentry","category-farofa-digital","category-home","tag-mrcatra"],"_links":{"self":[{"href":"https:\/\/blogs.correio24horas.com.br\/mesalte\/wp-json\/wp\/v2\/posts\/5143","targetHints":{"allow":["GET"]}}],"collection":[{"href":"https:\/\/blogs.correio24horas.com.br\/mesalte\/wp-json\/wp\/v2\/posts"}],"about":[{"href":"https:\/\/blogs.correio24horas.com.br\/mesalte\/wp-json\/wp\/v2\/types\/post"}],"author":[{"embeddable":true,"href":"https:\/\/blogs.correio24horas.com.br\/mesalte\/wp-json\/wp\/v2\/users\/1"}],"replies":[{"embeddable":true,"href":"https:\/\/blogs.correio24horas.com.br\/mesalte\/wp-json\/wp\/v2\/comments?post=5143"}],"version-history":[{"count":3,"href":"https:\/\/blogs.correio24horas.com.br\/mesalte\/wp-json\/wp\/v2\/posts\/5143\/revisions"}],"predecessor-version":[{"id":5148,"href":"https:\/\/blogs.correio24horas.com.br\/mesalte\/wp-json\/wp\/v2\/posts\/5143\/revisions\/5148"}],"wp:featuredmedia":[{"embeddable":true,"href":"https:\/\/blogs.correio24horas.com.br\/mesalte\/wp-json\/wp\/v2\/media\/5144"}],"wp:attachment":[{"href":"https:\/\/blogs.correio24horas.com.br\/mesalte\/wp-json\/wp\/v2\/media?parent=5143"}],"wp:term":[{"taxonomy":"category","embeddable":true,"href":"https:\/\/blogs.correio24horas.com.br\/mesalte\/wp-json\/wp\/v2\/categories?post=5143"},{"taxonomy":"post_tag","embeddable":true,"href":"https:\/\/blogs.correio24horas.com.br\/mesalte\/wp-json\/wp\/v2\/tags?post=5143"}],"curies":[{"name":"wp","href":"https:\/\/api.w.org\/{rel}","templated":true}]}}