{"id":5092,"date":"2016-07-05T09:16:01","date_gmt":"2016-07-05T12:16:01","guid":{"rendered":"http:\/\/www.correio24horas.com.br\/blogs\/mesalte\/?p=5092"},"modified":"2016-07-05T09:30:11","modified_gmt":"2016-07-05T12:30:11","slug":"evento-oferece-curso-gratuito-para-trans-e-travestis-em-salvador","status":"publish","type":"post","link":"https:\/\/blogs.correio24horas.com.br\/mesalte\/evento-oferece-curso-gratuito-para-trans-e-travestis-em-salvador\/","title":{"rendered":"Evento oferece curso gratuito para trans e travestis em Salvador"},"content":{"rendered":"<p>Ser\u00e1 realizado na pr\u00f3xima quarta-feira (6), em Salvador, a segunda edi\u00e7\u00e3o do evento De Transs pra Frente no Teatro Greg\u00f3rio de Mattos.\u00c2\u00a0\u00c2\u00a0Nesta edi\u00e7\u00e3o, a oficina Resistir contra Viola\u00e7\u00f5es de Direitos: conceitos, viv\u00eancias e estrat\u00e9gias pol\u00edticas, facilitada por Viviane Vergueiro e Cac\u00e1 Ribeiro, continuar\u00e1 as atividades da sess\u00e3o anterior \u00e0 \u00a0s 14h, e \u00e0 \u00a0s 18h, j\u00e1 aberto a todos os p\u00fablicos, come\u00e7a a performance O Canto de Oxum, de B\u00e1rbara Blend e convidados, que abre o cine-debate Cisheteroterrorismo e a Cultura do Estupro.<\/p>\n<p>Nos dias 12 e 26 de julho e 2 de agosto, ser\u00e1 realizada a oficina TRANSprojetos Culturais \u201c Da ideia \u00e0 \u00a0 vi[a\/si]biliza\u00e7\u00e3o, conduzida pelo gestor cultural e pesquisador Chico Assis, no pr\u00f3prio Teatro Greg\u00f3rio de Mattos. A oficina oferece 10 vagas, que ser\u00e3o preenchidas preferencialmente por pessoas trans de forma gratuita, e para as vagas remanescentes, ser\u00e3o selecionadas pessoas cisg\u00eaneras que tenham feito a inscri\u00e7\u00e3o e, neste caso, \u00e9 sugerida uma doa\u00e7\u00e3o de R$50,00, que ser\u00e1 destinada para a organiza\u00e7\u00e3o de outras a\u00e7\u00f5es como esta pelo coletivo. A ideia \u00e9 dar in\u00edcio a um laborat\u00f3rio de TRANScria\u00e7\u00f5es culturais, aberto ao compartilhamento e experimenta\u00e7\u00f5es de ferramentas que possibilitem transformar ideias em projetos culturais vi\u00e1veis. O produto final ser\u00e1 um projeto voltado \u00e0 \u00a0 Semana de Protagonismo e Visibilidade 2017.<\/p>\n<p>De Transs pra Frente \u00e9 uma iniciativa de pessoas trans e\/ou travestis, que visa o protagonismo de pessoas transg\u00eaneras nas discuss\u00f5es e eventos que lhes dizem respeito, bem como possibilitar forma\u00e7\u00e3o pol\u00edtica e profissional para as pessoas que comp\u00f5em o coletivo e a popula\u00e7\u00e3o trans de modo geral, dado o conhecido contexto de precariza\u00e7\u00e3o destas viv\u00eancias. De Transs pra Frente \u00e9 uma das poucas iniciativas impulsionadas e geridas significativamente por pessoas trans e travestis.<\/p>\n<p><strong>Programa\u00e7\u00e3o:<br \/>\n<\/strong>14h \u201c Oficina Dialogar e resistir contra viola\u00e7\u00f5es de direitos: viv\u00eancias e estrat\u00e9gias pol\u00edticas \u201c II M\u00f3dulo.<br \/>\n18h \u201c Performance O Canto de Oxum, com B\u00e1rbara Blend e convidados.<br \/>\n18h30 \u201c Cine-debate Cisheteroterrorismo e a cultura do estupro. Com Jenny M\u00fcller, Di Nascimento, Altamira Sim\u00f5es e Tha\u00eds Faria.<br \/>\n<em>*Evento com sistema Pague Quanto Puder. Renda revertida \u00e0 \u00a0 comunidade de aprendizagem Transviando o Enem.<\/em><\/p>\n","protected":false},"excerpt":{"rendered":"<p>Ser\u00e1 realizado na pr\u00f3xima quarta-feira (6), em Salvador, a segunda edi\u00e7\u00e3o do evento De Transs pra Frente no Teatro Greg\u00f3rio de Mattos.\u00c2\u00a0\u00c2\u00a0Nesta edi\u00e7\u00e3o, a oficina Resistir [&hellip;]<\/p>\n","protected":false},"author":1,"featured_media":4095,"comment_status":"open","ping_status":"open","sticky":false,"template":"","format":"image","meta":{"footnotes":""},"categories":[80,24,11],"tags":[],"class_list":["post-5092","post","type-post","status-publish","format-image","has-post-thumbnail","hentry","category-home","category-me-cuido","category-me-informo","post_format-post-format-image"],"_links":{"self":[{"href":"https:\/\/blogs.correio24horas.com.br\/mesalte\/wp-json\/wp\/v2\/posts\/5092","targetHints":{"allow":["GET"]}}],"collection":[{"href":"https:\/\/blogs.correio24horas.com.br\/mesalte\/wp-json\/wp\/v2\/posts"}],"about":[{"href":"https:\/\/blogs.correio24horas.com.br\/mesalte\/wp-json\/wp\/v2\/types\/post"}],"author":[{"embeddable":true,"href":"https:\/\/blogs.correio24horas.com.br\/mesalte\/wp-json\/wp\/v2\/users\/1"}],"replies":[{"embeddable":true,"href":"https:\/\/blogs.correio24horas.com.br\/mesalte\/wp-json\/wp\/v2\/comments?post=5092"}],"version-history":[{"count":2,"href":"https:\/\/blogs.correio24horas.com.br\/mesalte\/wp-json\/wp\/v2\/posts\/5092\/revisions"}],"predecessor-version":[{"id":5112,"href":"https:\/\/blogs.correio24horas.com.br\/mesalte\/wp-json\/wp\/v2\/posts\/5092\/revisions\/5112"}],"wp:featuredmedia":[{"embeddable":true,"href":"https:\/\/blogs.correio24horas.com.br\/mesalte\/wp-json\/wp\/v2\/media\/4095"}],"wp:attachment":[{"href":"https:\/\/blogs.correio24horas.com.br\/mesalte\/wp-json\/wp\/v2\/media?parent=5092"}],"wp:term":[{"taxonomy":"category","embeddable":true,"href":"https:\/\/blogs.correio24horas.com.br\/mesalte\/wp-json\/wp\/v2\/categories?post=5092"},{"taxonomy":"post_tag","embeddable":true,"href":"https:\/\/blogs.correio24horas.com.br\/mesalte\/wp-json\/wp\/v2\/tags?post=5092"}],"curies":[{"name":"wp","href":"https:\/\/api.w.org\/{rel}","templated":true}]}}