{"id":5046,"date":"2016-07-02T17:05:36","date_gmt":"2016-07-02T20:05:36","guid":{"rendered":"http:\/\/www.correio24horas.com.br\/blogs\/mesalte\/?p=5046"},"modified":"2016-07-02T18:54:32","modified_gmt":"2016-07-02T21:54:32","slug":"liniker-chora-em-homenagem-para-amiga-e-cantora-barbara-rosa-que-morreu-de-cancer-veja-video","status":"publish","type":"post","link":"https:\/\/blogs.correio24horas.com.br\/mesalte\/liniker-chora-em-homenagem-para-amiga-e-cantora-barbara-rosa-que-morreu-de-cancer-veja-video\/","title":{"rendered":"Liniker chora em homenagem para amiga e cantora B\u00e1rbara Rosa que morreu de c\u00e2ncer; Veja v\u00eddeo"},"content":{"rendered":"<p>Em dois momentos do bel\u00edssimo show Salada das Frutas, que aconteceu em Salvador ontem, \u00c2\u00a0Liniker se emocionou ao lembrar da sua amiga e backing vocal B\u00e1rbara Rosa, <a href=\"http:\/\/www.correio24horas.com.br\/blogs\/mesalte\/apos-lutar-contra-o-cancer-morre-aos-21-anos-cantora-barbara-rosa-da-banda-caramelows-que-acompanha-liniker\/\" target=\"_blank\">que morreu recentemente em fun\u00e7\u00e3o de um c\u00e2ncer<\/a>. Quando subiu ao palco acompanhado da sua banda, os Caramelows, Liniker chorou ao final da can\u00e7\u00e3o Zero, que dedicou para B\u00e1, como ela era chamada pelo grupo. &#8220;B\u00e1, essas luzes s\u00e3o pra voc\u00ea&#8221;, disse Liniker que pediu ao p\u00fablico que iluminasse o espa\u00e7o com as luzes dos celulares durante a can\u00e7\u00e3o. Liniker e a banda tocaram a can\u00e7\u00e3o com .<\/p>\n<p><strong>Veja abaixo o v\u00eddeo na \u00edntegra da can\u00e7\u00e3o com a homenagem:<\/strong><br \/>\n<iframe loading=\"lazy\" style=\"border: none; overflow: hidden;\" src=\"https:\/\/www.facebook.com\/plugins\/video.php?href=https%3A%2F%2Fwww.facebook.com%2Fmesalte%2Fvideos%2F1114809198580619%2F&amp;show_text=0&amp;width=560\" width=\"560\" height=\"315\" frameborder=\"0\" scrolling=\"no\" allowfullscreen=\"allowfullscreen\"><\/iframe><\/p>\n<p>&nbsp;<\/p>\n<p>A apresenta\u00e7\u00e3o aconteceu no Barra Hall, em Salvador, e foi na estreia do projeto<a href=\"http:\/\/www.correio24horas.com.br\/blogs\/mesalte\/hoje-e-dia-de-liniker-e-os-caramelows-tassia-reis-e-as-bahias-e-a-cozinha-mineira\/\" target=\"_blank\"> Salada das Frutas\u2039 <\/a>que tamb\u00e9m teve T\u00e1ssia Reis\u2039 e As Bahias e a Cozinha Mineira\u2039. Juntos, em outro momento do show, elxs tamb\u00e9m homenagearam B\u00e1rbara. O projeto, que ainda passar\u00e1 por mais quatro cidades brasileiras, tem como centro a lacra\u00e7\u00e3o com identidade e respeito \u00e0 \u00a0s quest\u00f5es de g\u00eanero.<\/p>\n<p>As apresenta\u00e7\u00f5es foram impactantes &#8211; cada uma no seu estilo &#8211; e levou o p\u00fablico ao del\u00edrio.\u00c2\u00a0A\u00c2\u00a0black music e a m\u00fasica contempor\u00e2nea de Liniker, o rap jazz de T\u00e1ssia Reis e a sonoridade pl\u00e1stica das &#8220;Bahias e a Cozinha Mineira&#8221; contaram ainda como a colabora\u00e7\u00e3o dan\u00e7ante do DJ e produtor musical Mauro Telefunksoul, que abriu e encerrou a noite.<\/p>\n","protected":false},"excerpt":{"rendered":"<p>Em dois momentos do bel\u00edssimo show Salada das Frutas, que aconteceu em Salvador ontem, \u00c2\u00a0Liniker se emocionou ao lembrar da sua amiga e backing vocal B\u00e1rbara [&hellip;]<\/p>\n","protected":false},"author":1,"featured_media":0,"comment_status":"open","ping_status":"open","sticky":false,"template":"","format":"image","meta":{"footnotes":""},"categories":[80],"tags":[258,319],"class_list":["post-5046","post","type-post","status-publish","format-image","hentry","category-home","tag-asbahiaseacozinhamineira","tag-liniker","post_format-post-format-image"],"_links":{"self":[{"href":"https:\/\/blogs.correio24horas.com.br\/mesalte\/wp-json\/wp\/v2\/posts\/5046","targetHints":{"allow":["GET"]}}],"collection":[{"href":"https:\/\/blogs.correio24horas.com.br\/mesalte\/wp-json\/wp\/v2\/posts"}],"about":[{"href":"https:\/\/blogs.correio24horas.com.br\/mesalte\/wp-json\/wp\/v2\/types\/post"}],"author":[{"embeddable":true,"href":"https:\/\/blogs.correio24horas.com.br\/mesalte\/wp-json\/wp\/v2\/users\/1"}],"replies":[{"embeddable":true,"href":"https:\/\/blogs.correio24horas.com.br\/mesalte\/wp-json\/wp\/v2\/comments?post=5046"}],"version-history":[{"count":3,"href":"https:\/\/blogs.correio24horas.com.br\/mesalte\/wp-json\/wp\/v2\/posts\/5046\/revisions"}],"predecessor-version":[{"id":5061,"href":"https:\/\/blogs.correio24horas.com.br\/mesalte\/wp-json\/wp\/v2\/posts\/5046\/revisions\/5061"}],"wp:attachment":[{"href":"https:\/\/blogs.correio24horas.com.br\/mesalte\/wp-json\/wp\/v2\/media?parent=5046"}],"wp:term":[{"taxonomy":"category","embeddable":true,"href":"https:\/\/blogs.correio24horas.com.br\/mesalte\/wp-json\/wp\/v2\/categories?post=5046"},{"taxonomy":"post_tag","embeddable":true,"href":"https:\/\/blogs.correio24horas.com.br\/mesalte\/wp-json\/wp\/v2\/tags?post=5046"}],"curies":[{"name":"wp","href":"https:\/\/api.w.org\/{rel}","templated":true}]}}