{"id":5010,"date":"2016-07-01T10:57:41","date_gmt":"2016-07-01T13:57:41","guid":{"rendered":"http:\/\/www.correio24horas.com.br\/blogs\/mesalte\/?p=5010"},"modified":"2016-07-05T11:55:36","modified_gmt":"2016-07-05T14:55:36","slug":"hoje-e-dia-de-liniker-e-os-caramelows-tassia-reis-e-as-bahias-e-a-cozinha-mineira","status":"publish","type":"post","link":"https:\/\/blogs.correio24horas.com.br\/mesalte\/hoje-e-dia-de-liniker-e-os-caramelows-tassia-reis-e-as-bahias-e-a-cozinha-mineira\/","title":{"rendered":"Hoje \u00e9 dia de  Liniker e os Caramelows, T\u00e1ssia Reis e As Bahias e a Cozinha Mineira"},"content":{"rendered":"<p>Hoje,\u00c2\u00a0Liniker e os Caramelows, T\u00e1ssia Reis e As Bahias e a Cozinha Mineira apresentam a curta\u00c2\u00a0turn\u00ea do projeto Salada das Frutas em Salvador, que contemplar\u00e1 apenas cinco capitais brasileiras, e teve uma pr\u00e9via em um festival de Ilhabela este m\u00eas.\u00c2\u00a0Na edi\u00e7\u00e3o de Salvador, a black music e a m\u00fasica contempor\u00e2nea de Liniker, o rap jazz da cantora T\u00e1ssia Reis e a sonoridade do grupo As Bahias e a Cozinha Mineira se unem ao som black dan\u00e7ante do DJ e produtor musical Mauro Telefunksoul, que abre a noite.<\/p>\n<p><strong>Vai pro show? Veja o bate papo que tivemos com todxs:<\/strong><\/p>\n<p><iframe loading=\"lazy\" style=\"border: none; overflow: hidden;\" src=\"https:\/\/www.facebook.com\/plugins\/video.php?href=https%3A%2F%2Fwww.facebook.com%2Fmesalte%2Fvideos%2F1114256208635918%2F&amp;show_text=0&amp;width=560\" width=\"560\" height=\"315\" frameborder=\"0\" scrolling=\"no\" allowfullscreen=\"allowfullscreen\"><\/iframe><\/p>\n<p>&nbsp;<\/p>\n<p>&nbsp;<\/p>\n<p><strong>Quer mais:?Vamos ensaiar&#8230;.<\/strong><\/p>\n<p>T\u00e1ssia Reis<br \/>\n<iframe loading=\"lazy\" src=\"https:\/\/www.youtube.com\/embed\/pPJ2ZB_0k40\" width=\"420\" height=\"315\" frameborder=\"0\" allowfullscreen=\"allowfullscreen\"><\/iframe><\/p>\n<p>Liniker<br \/>\n<iframe loading=\"lazy\" src=\"https:\/\/www.youtube.com\/embed\/GS3zMP9U09s\" width=\"560\" height=\"315\" frameborder=\"0\" allowfullscreen=\"allowfullscreen\"><\/iframe><\/p>\n<p>As Bahias e a Cozinha Mineira<br \/>\n<iframe loading=\"lazy\" src=\"https:\/\/www.youtube.com\/embed\/SJTbYNCbkRg\" width=\"560\" height=\"315\" frameborder=\"0\" allowfullscreen=\"allowfullscreen\"><\/iframe><\/p>\n<p>&nbsp;<\/p>\n<p>SERVI\u00c7O<br \/>\nO QU\u00ca: SALADA DAS FRUTAS em SALVADOR<br \/>\nQUEM: Liniker e os Caramelows, T\u00e1ssia Reis e As Bahias e a Cozinha Mineira, e o DJ Mauro Telefunksoul<br \/>\nQUANDO: 1\u00ba de julho de 2016 (sexta-feira), \u00e0 \u00a0s 22h00.<br \/>\nONDE: Barra Hall &#8211; Barra<br \/>\nQUANTO:<br \/>\nLote promocional e ingressos especiais* &#8211; Inteira R$ 40, meia-entrada R$ 20<br \/>\n1\u00ba Lote &#8211; Inteira R$ 60, meia-entrada R$ 30<br \/>\n2\u00ba Lote &#8211; Inteira R$ 80, meia-entrada R$40<br \/>\nMeia Social &#8211; pre\u00e7o \u00fanico R$ 40 + 1kg de alimento n\u00e3o perec\u00edvel a ser doado para o CBAA (Centro Baiano AntiAIDS)<br \/>\n\u00c2\u00b7 Censura: 18 anos<br \/>\n* Ingressos liberados por e-mail para participantes de eventos anteriores da produtora<\/p>\n<p>VENDAS:<br \/>\n\u00c2\u00b7 Sympla: https:\/\/www.sympla.com.br\/salada-das-frutas-em-ssa__72628<br \/>\n\u00c2\u00b7 Colomy Brother\u2122s Co: Rua Oswaldo Cruz, 22, Rio Vermelho<br \/>\n\u00c2\u00b7 Somos Coletivo Criativo: 2\u00ba piso do Shopping da Bahia<\/p>\n","protected":false},"excerpt":{"rendered":"<p>Hoje,\u00c2\u00a0Liniker e os Caramelows, T\u00e1ssia Reis e As Bahias e a Cozinha Mineira apresentam a curta\u00c2\u00a0turn\u00ea do projeto Salada das Frutas em Salvador, que contemplar\u00e1 apenas [&hellip;]<\/p>\n","protected":false},"author":1,"featured_media":4240,"comment_status":"open","ping_status":"open","sticky":false,"template":"","format":"image","meta":{"footnotes":""},"categories":[16],"tags":[258,319],"class_list":["post-5010","post","type-post","status-publish","format-image","has-post-thumbnail","hentry","category-me-jogo","tag-asbahiaseacozinhamineira","tag-liniker","post_format-post-format-image"],"_links":{"self":[{"href":"https:\/\/blogs.correio24horas.com.br\/mesalte\/wp-json\/wp\/v2\/posts\/5010","targetHints":{"allow":["GET"]}}],"collection":[{"href":"https:\/\/blogs.correio24horas.com.br\/mesalte\/wp-json\/wp\/v2\/posts"}],"about":[{"href":"https:\/\/blogs.correio24horas.com.br\/mesalte\/wp-json\/wp\/v2\/types\/post"}],"author":[{"embeddable":true,"href":"https:\/\/blogs.correio24horas.com.br\/mesalte\/wp-json\/wp\/v2\/users\/1"}],"replies":[{"embeddable":true,"href":"https:\/\/blogs.correio24horas.com.br\/mesalte\/wp-json\/wp\/v2\/comments?post=5010"}],"version-history":[{"count":3,"href":"https:\/\/blogs.correio24horas.com.br\/mesalte\/wp-json\/wp\/v2\/posts\/5010\/revisions"}],"predecessor-version":[{"id":5035,"href":"https:\/\/blogs.correio24horas.com.br\/mesalte\/wp-json\/wp\/v2\/posts\/5010\/revisions\/5035"}],"wp:featuredmedia":[{"embeddable":true,"href":"https:\/\/blogs.correio24horas.com.br\/mesalte\/wp-json\/wp\/v2\/media\/4240"}],"wp:attachment":[{"href":"https:\/\/blogs.correio24horas.com.br\/mesalte\/wp-json\/wp\/v2\/media?parent=5010"}],"wp:term":[{"taxonomy":"category","embeddable":true,"href":"https:\/\/blogs.correio24horas.com.br\/mesalte\/wp-json\/wp\/v2\/categories?post=5010"},{"taxonomy":"post_tag","embeddable":true,"href":"https:\/\/blogs.correio24horas.com.br\/mesalte\/wp-json\/wp\/v2\/tags?post=5010"}],"curies":[{"name":"wp","href":"https:\/\/api.w.org\/{rel}","templated":true}]}}