{"id":4956,"date":"2016-06-29T14:03:37","date_gmt":"2016-06-29T17:03:37","guid":{"rendered":"http:\/\/www.correio24horas.com.br\/blogs\/mesalte\/?p=4956"},"modified":"2016-06-29T14:03:37","modified_gmt":"2016-06-29T17:03:37","slug":"avon-e-skol-lancam-videos-em-prol-da-diversidade","status":"publish","type":"post","link":"https:\/\/blogs.correio24horas.com.br\/mesalte\/avon-e-skol-lancam-videos-em-prol-da-diversidade\/","title":{"rendered":"Avon e Skol lan\u00e7am v\u00eddeos em prol da diversidade"},"content":{"rendered":"<p>Duas grandes marcas &#8211; Avon e Skol &#8211; que atuam no mercado brasileiro e s\u00e3o l\u00edderes nos seus segmentos lan\u00e7aram, ontem, no dia internacional do Orgulho LGBT, campanhas que abra\u00e7am a diversidade. A Skol, tradicional marca de cervejas, por exemplo, lan\u00e7ou o comercial\u00c2\u00a0#RespeitoIsON.\u00c2\u00a0A estrada fica mais colorida quando n\u00e3o se est\u00e1 sozinho.\u00c2\u00a0Cada passo \u00e9 um avan\u00e7o. Cada abra\u00e7o, uma conquista.\u00c2\u00a0Respeitar a diversidade \u00e9 o caminho.\u00c2\u00a0D\u00ea o play e siga com orgulho\u009d, disse a empresa, em nota. O v\u00eddeo teve forte repercuss\u00e3o nas redes sociais desde o lan\u00e7amento.<\/p>\n<p>J\u00e1 a marca de cosm\u00e9ticos Avon resolveu continuar lacrando ainda mais. Recentemente eles j\u00e1 colocaram a<a href=\"http:\/\/www.correio24horas.com.br\/blogs\/mesalte\/show-de-pabllo-vittar-em-salvador-e-adiado-para-o-dia-2-de-julho\/\" target=\"_blank\"> drag Pabllo Vittar <\/a>como garota-propaganda e ontem lan\u00e7ou v\u00eddeo de divulga\u00e7\u00e3o de novo produto com a turma que faz parte do projeto Salada das Frutas, que inclui os cantores Liniker, As Bahias e a Cozinha Minheira al\u00e9m de T\u00e1ssia Reis. (<a href=\"http:\/\/www.correio24horas.com.br\/blogs\/mesalte\/liniker-tassia-reis-e-as-bahias-e-a-cozinha-mineira-fazem-show-em-salvador-dia-1o-de-julho\/\" target=\"_blank\">Elxs inclusive fazem show sexta-feira em Salvador<\/a>)<\/p>\n<p><strong>Veja o comercial da Skol<\/strong><br \/>\n<iframe loading=\"lazy\" src=\"https:\/\/www.youtube.com\/embed\/UGJ63SNOZs0\" width=\"560\" height=\"315\" frameborder=\"0\" allowfullscreen=\"allowfullscreen\"><\/iframe><\/p>\n<p><strong>Veja o v\u00eddeo da Avon<\/strong><br \/>\n<iframe loading=\"lazy\" src=\"https:\/\/www.youtube.com\/embed\/8Imd5MyfGbo\" width=\"560\" height=\"315\" frameborder=\"0\" allowfullscreen=\"allowfullscreen\"><\/iframe><\/p>\n","protected":false},"excerpt":{"rendered":"<p>Duas grandes marcas &#8211; Avon e Skol &#8211; que atuam no mercado brasileiro e s\u00e3o l\u00edderes nos seus segmentos lan\u00e7aram, ontem, no dia internacional do Orgulho [&hellip;]<\/p>\n","protected":false},"author":1,"featured_media":4972,"comment_status":"open","ping_status":"open","sticky":false,"template":"","format":"image","meta":{"footnotes":""},"categories":[28,80],"tags":[],"class_list":["post-4956","post","type-post","status-publish","format-image","has-post-thumbnail","hentry","category-farofa-digital","category-home","post_format-post-format-image"],"_links":{"self":[{"href":"https:\/\/blogs.correio24horas.com.br\/mesalte\/wp-json\/wp\/v2\/posts\/4956","targetHints":{"allow":["GET"]}}],"collection":[{"href":"https:\/\/blogs.correio24horas.com.br\/mesalte\/wp-json\/wp\/v2\/posts"}],"about":[{"href":"https:\/\/blogs.correio24horas.com.br\/mesalte\/wp-json\/wp\/v2\/types\/post"}],"author":[{"embeddable":true,"href":"https:\/\/blogs.correio24horas.com.br\/mesalte\/wp-json\/wp\/v2\/users\/1"}],"replies":[{"embeddable":true,"href":"https:\/\/blogs.correio24horas.com.br\/mesalte\/wp-json\/wp\/v2\/comments?post=4956"}],"version-history":[{"count":2,"href":"https:\/\/blogs.correio24horas.com.br\/mesalte\/wp-json\/wp\/v2\/posts\/4956\/revisions"}],"predecessor-version":[{"id":4973,"href":"https:\/\/blogs.correio24horas.com.br\/mesalte\/wp-json\/wp\/v2\/posts\/4956\/revisions\/4973"}],"wp:featuredmedia":[{"embeddable":true,"href":"https:\/\/blogs.correio24horas.com.br\/mesalte\/wp-json\/wp\/v2\/media\/4972"}],"wp:attachment":[{"href":"https:\/\/blogs.correio24horas.com.br\/mesalte\/wp-json\/wp\/v2\/media?parent=4956"}],"wp:term":[{"taxonomy":"category","embeddable":true,"href":"https:\/\/blogs.correio24horas.com.br\/mesalte\/wp-json\/wp\/v2\/categories?post=4956"},{"taxonomy":"post_tag","embeddable":true,"href":"https:\/\/blogs.correio24horas.com.br\/mesalte\/wp-json\/wp\/v2\/tags?post=4956"}],"curies":[{"name":"wp","href":"https:\/\/api.w.org\/{rel}","templated":true}]}}