{"id":4870,"date":"2016-06-28T07:49:43","date_gmt":"2016-06-28T10:49:43","guid":{"rendered":"http:\/\/www.correio24horas.com.br\/blogs\/mesalte\/?p=4870"},"modified":"2016-06-28T08:31:01","modified_gmt":"2016-06-28T11:31:01","slug":"sou-lgbt-com-orgulho-vanusa-alves-trans-tambem-e-gente","status":"publish","type":"post","link":"https:\/\/blogs.correio24horas.com.br\/mesalte\/sou-lgbt-com-orgulho-vanusa-alves-trans-tambem-e-gente\/","title":{"rendered":"[Sou LGBT com Orgulho] Vanusa Alves: &#8220;trans tamb\u00e9m \u00e9 gente&#8221;"},"content":{"rendered":"<p>Esse v\u00eddeo\u00c2\u00a0faz parte da campanha Sou LGBT com Orgulho, promovida pelo canal Me Salte como lembran\u00e7a pelo Dia Internacional do Orgulho LGBT, comemorado nessa ter\u00e7a-feira (28) . Compartilhe, curta e divulgue:<\/p>\n<p><iframe loading=\"lazy\" src=\"https:\/\/www.youtube.com\/embed\/xZ1ebcYfUOE\" width=\"560\" height=\"315\" frameborder=\"0\" allowfullscreen=\"allowfullscreen\"><\/iframe><\/p>\n<p><a href=\"http:\/\/www.correio24horas.com.br\/blogs\/mesalte\/me-salte-lanca-campanha-sou-lgbt-com-orgulho-veja-e-participe\/#sthash.Wd6eTZYv.dpuf\" target=\"_blank\">Clique aqui para ver todos os v\u00eddeos da campanha no nosso canal do Youtube<\/a><br \/>\n<strong>Quer mandar um v\u00eddeo ou foto para participar da campanha?<\/strong><br \/>\nNos envie pelo https:\/\/www.facebook.com\/mesalte\/messages\/ dizendo os motivos pelos quais voc\u00ea tem orgulho de ser LGBT. Esses novos v\u00eddeos ser\u00e3o publicados no canal e tamb\u00e9m nas suas redes sociais ao longo da semana (facebook.com.br\/mesalte); (Instagram: @me_salte).<\/p>\n<p><strong>Voc\u00ea apoia a campanha?<\/strong><br \/>\nUse a hastag #soulgtbcomorgulho nas suas publica\u00e7\u00f5es . N\u00e3o precisa ser LGBT para lutar contra o preconceito. Entre na nossa campanha: mude sua foto nas redes sociais usando esse link: http:\/\/twibbon.com\/Support\/sou-lgbt-com-orgulho<\/p>\n<p>&nbsp;<\/p>\n","protected":false},"excerpt":{"rendered":"<p>Esse v\u00eddeo\u00c2\u00a0faz parte da campanha Sou LGBT com Orgulho, promovida pelo canal Me Salte como lembran\u00e7a pelo Dia Internacional do Orgulho LGBT, comemorado nessa ter\u00e7a-feira (28) [&hellip;]<\/p>\n","protected":false},"author":1,"featured_media":4883,"comment_status":"open","ping_status":"open","sticky":false,"template":"","format":"image","meta":{"footnotes":""},"categories":[80,9],"tags":[],"class_list":["post-4870","post","type-post","status-publish","format-image","has-post-thumbnail","hentry","category-home","category-me-orgulho","post_format-post-format-image"],"_links":{"self":[{"href":"https:\/\/blogs.correio24horas.com.br\/mesalte\/wp-json\/wp\/v2\/posts\/4870","targetHints":{"allow":["GET"]}}],"collection":[{"href":"https:\/\/blogs.correio24horas.com.br\/mesalte\/wp-json\/wp\/v2\/posts"}],"about":[{"href":"https:\/\/blogs.correio24horas.com.br\/mesalte\/wp-json\/wp\/v2\/types\/post"}],"author":[{"embeddable":true,"href":"https:\/\/blogs.correio24horas.com.br\/mesalte\/wp-json\/wp\/v2\/users\/1"}],"replies":[{"embeddable":true,"href":"https:\/\/blogs.correio24horas.com.br\/mesalte\/wp-json\/wp\/v2\/comments?post=4870"}],"version-history":[{"count":2,"href":"https:\/\/blogs.correio24horas.com.br\/mesalte\/wp-json\/wp\/v2\/posts\/4870\/revisions"}],"predecessor-version":[{"id":4888,"href":"https:\/\/blogs.correio24horas.com.br\/mesalte\/wp-json\/wp\/v2\/posts\/4870\/revisions\/4888"}],"wp:featuredmedia":[{"embeddable":true,"href":"https:\/\/blogs.correio24horas.com.br\/mesalte\/wp-json\/wp\/v2\/media\/4883"}],"wp:attachment":[{"href":"https:\/\/blogs.correio24horas.com.br\/mesalte\/wp-json\/wp\/v2\/media?parent=4870"}],"wp:term":[{"taxonomy":"category","embeddable":true,"href":"https:\/\/blogs.correio24horas.com.br\/mesalte\/wp-json\/wp\/v2\/categories?post=4870"},{"taxonomy":"post_tag","embeddable":true,"href":"https:\/\/blogs.correio24horas.com.br\/mesalte\/wp-json\/wp\/v2\/tags?post=4870"}],"curies":[{"name":"wp","href":"https:\/\/api.w.org\/{rel}","templated":true}]}}