{"id":4818,"date":"2016-06-27T15:16:54","date_gmt":"2016-06-27T18:16:54","guid":{"rendered":"http:\/\/www.correio24horas.com.br\/blogs\/mesalte\/?p=4818"},"modified":"2016-06-27T17:15:33","modified_gmt":"2016-06-27T20:15:33","slug":"opiniao-a-quem-interessa-saber-o-nome-civil-das-pessoas-trans","status":"publish","type":"post","link":"https:\/\/blogs.correio24horas.com.br\/mesalte\/opiniao-a-quem-interessa-saber-o-nome-civil-das-pessoas-trans\/","title":{"rendered":"[Opini\u00e3o] A quem interessa saber o nome civil das pessoas trans?"},"content":{"rendered":"<p><strong><em>Por Paulett Furac\u00e3o<\/em><\/strong><\/p>\n<p>Mais uma transexual foi assassinada no Brasil. Desta vez <strong>SHEILA SANTOS (Nen\u00e9m)<\/strong>,<a href=\"http:\/\/www.correio24horas.com.br\/blogs\/mesalte\/travesti-e-assassinada-em-atentado-a-usuarios-de-crack-na-gamboa\/\" target=\"_blank\"> na noite de 24.06.2016, em Salvador-BA, na Avenida do Contorno.\u00c2\u00a0<\/a>A grande imprensa noticiou o fato e nem sempre o nome social desta v\u00edtima foi respeitado.\u00c2\u00a082% das transexuais e travestis abandonam o ensino m\u00e9dio entre os 14 e 18 anos pela discrimina\u00e7\u00e3o na escola. Falta-lhes tamb\u00e9m o necess\u00e1rio de apoio familiar.<\/p>\n<p><strong>O nome social \u00e9 uma forma de garantir respeito e incentivar a escolariza\u00e7\u00e3o de pessoas transexuais e travestis.<\/strong> Garante-lhes tamb\u00e9m acesso \u00e0 \u00a0 sa\u00fade e demais servi\u00e7os devidos a qualquer cidad\u00e3o e cidad\u00e3o deste pa\u00eds marcadamente transf\u00f3bico.<\/p>\n<p>O nome social \u00e9 important\u00edssimo. Sem o seu reconhecimento mata-se a trans diversas vezes e em diferentes situa\u00e7\u00f5es.Reconhecer o nome \u00e9 respeitar a pessoa no seu direito cidad\u00e3o, na sua identidade de g\u00eanero, no seu l\u00eddimo desejo de <strong>ser o que \u00e9\u009d.<\/strong><\/p>\n<p>Enlutada pelo b\u00e1rbaro assassinato de SHEILA SANTOS, acuso todos e todas que em modo progressivo prepararam a sua morte, sublinhando aqui os que por diversos modos lhe negaram o direito \u00e0 \u00a0 identidade, ao acesso aos servi\u00e7os, ao nome com o qual se identifica.<\/p>\n<p>Os n\u00fameros e nomes listados no site Quem a homofobia matou hoje\u009d nos acusam:<\/p>\n<p>\u00c2\u00b7 2015 (319 Mortes)<br \/>\n\u00c2\u00b7 2014 (331 Mortes)<br \/>\n\u00c2\u00b7 2013 (314 Mortes)<br \/>\n\u00c2\u00b7 2012 (338 Mortes)<\/p>\n<p><strong>SHEILA SANTOS<\/strong>, eu me acuso ! Acuso tamb\u00e9m esta sociedade transf\u00f3bica e exijo respeito \u00e0 \u00a0 sua mem\u00f3ria e ao seu nome que tanto nos orgulha.<\/p>\n<p><em>*Paulett Fura\u00e7\u00e3o \u00e9 trans feminina e\u00c2\u00a0ativista LGBT<\/em><\/p>\n","protected":false},"excerpt":{"rendered":"<p>Por Paulett Furac\u00e3o Mais uma transexual foi assassinada no Brasil. Desta vez SHEILA SANTOS (Nen\u00e9m), na noite de 24.06.2016, em Salvador-BA, na Avenida do Contorno.\u00c2\u00a0A grande [&hellip;]<\/p>\n","protected":false},"author":2,"featured_media":4798,"comment_status":"open","ping_status":"open","sticky":false,"template":"","format":"standard","meta":{"footnotes":""},"categories":[80,11],"tags":[],"class_list":["post-4818","post","type-post","status-publish","format-standard","has-post-thumbnail","hentry","category-home","category-me-informo"],"_links":{"self":[{"href":"https:\/\/blogs.correio24horas.com.br\/mesalte\/wp-json\/wp\/v2\/posts\/4818","targetHints":{"allow":["GET"]}}],"collection":[{"href":"https:\/\/blogs.correio24horas.com.br\/mesalte\/wp-json\/wp\/v2\/posts"}],"about":[{"href":"https:\/\/blogs.correio24horas.com.br\/mesalte\/wp-json\/wp\/v2\/types\/post"}],"author":[{"embeddable":true,"href":"https:\/\/blogs.correio24horas.com.br\/mesalte\/wp-json\/wp\/v2\/users\/2"}],"replies":[{"embeddable":true,"href":"https:\/\/blogs.correio24horas.com.br\/mesalte\/wp-json\/wp\/v2\/comments?post=4818"}],"version-history":[{"count":3,"href":"https:\/\/blogs.correio24horas.com.br\/mesalte\/wp-json\/wp\/v2\/posts\/4818\/revisions"}],"predecessor-version":[{"id":4821,"href":"https:\/\/blogs.correio24horas.com.br\/mesalte\/wp-json\/wp\/v2\/posts\/4818\/revisions\/4821"}],"wp:featuredmedia":[{"embeddable":true,"href":"https:\/\/blogs.correio24horas.com.br\/mesalte\/wp-json\/wp\/v2\/media\/4798"}],"wp:attachment":[{"href":"https:\/\/blogs.correio24horas.com.br\/mesalte\/wp-json\/wp\/v2\/media?parent=4818"}],"wp:term":[{"taxonomy":"category","embeddable":true,"href":"https:\/\/blogs.correio24horas.com.br\/mesalte\/wp-json\/wp\/v2\/categories?post=4818"},{"taxonomy":"post_tag","embeddable":true,"href":"https:\/\/blogs.correio24horas.com.br\/mesalte\/wp-json\/wp\/v2\/tags?post=4818"}],"curies":[{"name":"wp","href":"https:\/\/api.w.org\/{rel}","templated":true}]}}