{"id":4810,"date":"2016-06-27T11:21:28","date_gmt":"2016-06-27T14:21:28","guid":{"rendered":"http:\/\/www.correio24horas.com.br\/blogs\/mesalte\/?p=4810"},"modified":"2016-06-27T11:23:14","modified_gmt":"2016-06-27T14:23:14","slug":"papa-francisco-diz-que-igreja-deve-pedir-desculpas-aos-homossexuais","status":"publish","type":"post","link":"https:\/\/blogs.correio24horas.com.br\/mesalte\/papa-francisco-diz-que-igreja-deve-pedir-desculpas-aos-homossexuais\/","title":{"rendered":"Papa Francisco diz que Igreja deve pedir desculpas aos homossexuais"},"content":{"rendered":"<p>O papa Francisco resolveu abrir mais um di\u00e1logo da Igreja Cat\u00f3lica com gays. Ontem, ele disse que a Igreja deve pedir desculpas aos homossexuais pela forma com que foram tratados todos estes anos.\u00c2\u00a0Em conversa com jornalistas a bordo do avi\u00e3o papal, quando voltava de uma visita de tr\u00eas dias \u00e0 \u00a0 Arm\u00eania, Francisco voltou a dizer que se a pessoa &#8220;tem boa vontade e que busca Deus, quem somos n\u00f3s para julg\u00e1-la?&#8221;.<\/p>\n<p>&#8220;Os crist\u00e3os devem pedir perd\u00e3o por ter acompanhado tantas decis\u00f5es equivocadas&#8221;, disse, quando foi questionado se est\u00e1 de acordo com o cardeal Reinhard Marx, que declarou que a Igreja Cat\u00f3lica deve pedir desculpas \u00e0 \u00a0 comunidade gay por t\u00ea-la marginalizado.<\/p>\n<p>&#8220;Eu creio que a Igreja n\u00e3o s\u00f3 deve pedir desculpa a essa pessoa que \u00e9 gay e que ofendeu, mas tamb\u00e9m deve pedir desculpas aos pobres, \u00e0 \u00a0s mulheres e \u00e0 \u00a0s crian\u00e7as exploradas no trabalho. Deve pedir desculpas por ter aben\u00e7oado tantas armas&#8221;, acrescentou.<\/p>\n<p>Em 2013, na viagem de regresso a Roma ap\u00f3s visitar o Rio de Janeiro para a Jornada Mundial da Juventude (JMJ), o papa Francisco chamou a aten\u00e7\u00e3o da imprensa mundial ao se referir pela primeira vez como Pont\u00edfice sobre o tema. &#8220;Se uma pessoa \u00e9 <em>gay<\/em> e procura Jesus e tem boa vontade, quem sou eu para julg\u00e1-la? O catecismo diz que n\u00e3o se deve marginalizar essas pessoas. Elas devem ser integradas \u00e0 \u00a0 sociedade&#8221;, declarou na ocasi\u00e3o.<\/p>\n<p>*Da Ag\u00eancia Brasil<\/p>\n","protected":false},"excerpt":{"rendered":"<p>O papa Francisco resolveu abrir mais um di\u00e1logo da Igreja Cat\u00f3lica com gays. Ontem, ele disse que a Igreja deve pedir desculpas aos homossexuais pela forma [&hellip;]<\/p>\n","protected":false},"author":1,"featured_media":4811,"comment_status":"open","ping_status":"open","sticky":false,"template":"","format":"image","meta":{"footnotes":""},"categories":[80,11],"tags":[],"class_list":["post-4810","post","type-post","status-publish","format-image","has-post-thumbnail","hentry","category-home","category-me-informo","post_format-post-format-image"],"_links":{"self":[{"href":"https:\/\/blogs.correio24horas.com.br\/mesalte\/wp-json\/wp\/v2\/posts\/4810","targetHints":{"allow":["GET"]}}],"collection":[{"href":"https:\/\/blogs.correio24horas.com.br\/mesalte\/wp-json\/wp\/v2\/posts"}],"about":[{"href":"https:\/\/blogs.correio24horas.com.br\/mesalte\/wp-json\/wp\/v2\/types\/post"}],"author":[{"embeddable":true,"href":"https:\/\/blogs.correio24horas.com.br\/mesalte\/wp-json\/wp\/v2\/users\/1"}],"replies":[{"embeddable":true,"href":"https:\/\/blogs.correio24horas.com.br\/mesalte\/wp-json\/wp\/v2\/comments?post=4810"}],"version-history":[{"count":1,"href":"https:\/\/blogs.correio24horas.com.br\/mesalte\/wp-json\/wp\/v2\/posts\/4810\/revisions"}],"predecessor-version":[{"id":4812,"href":"https:\/\/blogs.correio24horas.com.br\/mesalte\/wp-json\/wp\/v2\/posts\/4810\/revisions\/4812"}],"wp:featuredmedia":[{"embeddable":true,"href":"https:\/\/blogs.correio24horas.com.br\/mesalte\/wp-json\/wp\/v2\/media\/4811"}],"wp:attachment":[{"href":"https:\/\/blogs.correio24horas.com.br\/mesalte\/wp-json\/wp\/v2\/media?parent=4810"}],"wp:term":[{"taxonomy":"category","embeddable":true,"href":"https:\/\/blogs.correio24horas.com.br\/mesalte\/wp-json\/wp\/v2\/categories?post=4810"},{"taxonomy":"post_tag","embeddable":true,"href":"https:\/\/blogs.correio24horas.com.br\/mesalte\/wp-json\/wp\/v2\/tags?post=4810"}],"curies":[{"name":"wp","href":"https:\/\/api.w.org\/{rel}","templated":true}]}}