{"id":4804,"date":"2016-06-27T09:45:42","date_gmt":"2016-06-27T12:45:42","guid":{"rendered":"http:\/\/www.correio24horas.com.br\/blogs\/mesalte\/?p=4804"},"modified":"2016-06-27T10:52:45","modified_gmt":"2016-06-27T13:52:45","slug":"apos-lutar-contra-o-cancer-morre-aos-21-anos-cantora-barbara-rosa-da-banda-caramelows-que-acompanha-liniker","status":"publish","type":"post","link":"https:\/\/blogs.correio24horas.com.br\/mesalte\/apos-lutar-contra-o-cancer-morre-aos-21-anos-cantora-barbara-rosa-da-banda-caramelows-que-acompanha-liniker\/","title":{"rendered":"Ap\u00f3s lutar contra o c\u00e2ncer, morre, aos 21 anos, cantora  B\u00e1rbara Rosa da banda Caramelows que acompanha Liniker"},"content":{"rendered":"<p>Integrante da banda Caramelows, que acompanha o cantor Liniker \u00c2\u00a0&#8211; <a href=\"http:\/\/www.correio24horas.com.br\/blogs\/mesalte\/liniker-tassia-reis-e-as-bahias-e-a-cozinha-mineira-fazem-show-em-salvador-dia-1o-de-julho\/\" target=\"_blank\">que \u00c2\u00a0far\u00e1 show em Salvador nesse final de semana <\/a>&#8211; , a cantora B\u00e1rbara Tosa, de 21 anos, morreu nesse domingo. Ela lutava contra um c\u00e2ncer e foi v\u00edtima de uma parada card\u00edaca. B\u00e1rbara estava em turn\u00ea com o grupo, com quem gravou o Ep Cru\u009d, em outubro do ano passado. Em uma semana, um dos v\u00eddeos j\u00e1 tinha um milh\u00e3o de visualiza\u00e7\u00f5es.<\/p>\n<div id=\"attachment_4805\" style=\"width: 630px\" class=\"wp-caption aligncenter\"><img loading=\"lazy\" decoding=\"async\" aria-describedby=\"caption-attachment-4805\" class=\"size-full wp-image-4805\" src=\"http:\/\/www.correio24horas.com.br\/blogs\/mesalte\/wp-content\/uploads\/2016\/06\/Barbara-Rosa.jpg\" alt=\"Foto: Reprodu\u00e7\u00e3o\" width=\"620\" height=\"465\" srcset=\"https:\/\/blogs.correio24h.com.br\/mesalte\/wp-content\/uploads\/2016\/06\/Barbara-Rosa.jpg 620w, https:\/\/blogs.correio24h.com.br\/mesalte\/wp-content\/uploads\/2016\/06\/Barbara-Rosa-300x225.jpg 300w, https:\/\/blogs.correio24h.com.br\/mesalte\/wp-content\/uploads\/2016\/06\/Barbara-Rosa-195x146.jpg 195w, https:\/\/blogs.correio24h.com.br\/mesalte\/wp-content\/uploads\/2016\/06\/Barbara-Rosa-50x38.jpg 50w, https:\/\/blogs.correio24h.com.br\/mesalte\/wp-content\/uploads\/2016\/06\/Barbara-Rosa-100x75.jpg 100w\" sizes=\"auto, (max-width: 620px) 100vw, 620px\" \/><p id=\"caption-attachment-4805\" class=\"wp-caption-text\">Foto: Reprodu\u00e7\u00e3o<\/p><\/div>\n<p>&#8220;Hoje vai a caramela mais jovem. A mais good vibes e lutadora! Enviem muitas energias positivas pra Bazita\u009d, disse o baixista da banda Rafael Barone, que usou as redes sociais para falar da morte.\u00c2\u00a0Atualmente, Liniker e os Caramelows est\u00e3o gravando o \u00e1bum debut e para isso abriram uma campanha de financiamento coletivo. Para saber mais acesse: https:\/\/www.catarse.me\/liniker<\/p>\n<p><strong>Ou\u00e7a Liniker:<\/strong><br \/>\n<iframe loading=\"lazy\" src=\"https:\/\/www.youtube.com\/embed\/M4s3yTJCcmI\" width=\"560\" height=\"315\" frameborder=\"0\" allowfullscreen=\"allowfullscreen\"><\/iframe><\/p>\n<p>&nbsp;<\/p>\n<p><strong>Leia Mais:<\/strong><br \/>\n<a href=\"http:\/\/www.correio24horas.com.br\/blogs\/mesalte\/drag-queen-chandelly-kidman-se-monta-para-divertir-criancas-com-cancer-no-piaui\/#sthash.eOH91tyK.dpuf\" target=\"_blank\">Drag queen se monta para divertir crian\u00e7as com c\u00e2ncer<br \/>\n<\/a><a href=\"http:\/\/www.correio24horas.com.br\/blogs\/mesalte\/ricky-martin-faz-campanha-para-que-gays-doem-sangue-para-vitimas-da-boate-em-orlando\/#sthash.XYKsuieA.dpuf\" target=\"_blank\">Ricky Martin faz campanha para que gays doem sangue para v\u00edtimas da boate em Orlando<\/a><\/p>\n","protected":false},"excerpt":{"rendered":"<p>Integrante da banda Caramelows, que acompanha o cantor Liniker \u00c2\u00a0&#8211; que \u00c2\u00a0far\u00e1 show em Salvador nesse final de semana &#8211; , a cantora B\u00e1rbara Tosa, de [&hellip;]<\/p>\n","protected":false},"author":1,"featured_media":0,"comment_status":"open","ping_status":"open","sticky":false,"template":"","format":"standard","meta":{"footnotes":""},"categories":[28,80,24],"tags":[],"class_list":["post-4804","post","type-post","status-publish","format-standard","hentry","category-farofa-digital","category-home","category-me-cuido"],"_links":{"self":[{"href":"https:\/\/blogs.correio24horas.com.br\/mesalte\/wp-json\/wp\/v2\/posts\/4804","targetHints":{"allow":["GET"]}}],"collection":[{"href":"https:\/\/blogs.correio24horas.com.br\/mesalte\/wp-json\/wp\/v2\/posts"}],"about":[{"href":"https:\/\/blogs.correio24horas.com.br\/mesalte\/wp-json\/wp\/v2\/types\/post"}],"author":[{"embeddable":true,"href":"https:\/\/blogs.correio24horas.com.br\/mesalte\/wp-json\/wp\/v2\/users\/1"}],"replies":[{"embeddable":true,"href":"https:\/\/blogs.correio24horas.com.br\/mesalte\/wp-json\/wp\/v2\/comments?post=4804"}],"version-history":[{"count":4,"href":"https:\/\/blogs.correio24horas.com.br\/mesalte\/wp-json\/wp\/v2\/posts\/4804\/revisions"}],"predecessor-version":[{"id":4809,"href":"https:\/\/blogs.correio24horas.com.br\/mesalte\/wp-json\/wp\/v2\/posts\/4804\/revisions\/4809"}],"wp:attachment":[{"href":"https:\/\/blogs.correio24horas.com.br\/mesalte\/wp-json\/wp\/v2\/media?parent=4804"}],"wp:term":[{"taxonomy":"category","embeddable":true,"href":"https:\/\/blogs.correio24horas.com.br\/mesalte\/wp-json\/wp\/v2\/categories?post=4804"},{"taxonomy":"post_tag","embeddable":true,"href":"https:\/\/blogs.correio24horas.com.br\/mesalte\/wp-json\/wp\/v2\/tags?post=4804"}],"curies":[{"name":"wp","href":"https:\/\/api.w.org\/{rel}","templated":true}]}}