{"id":4801,"date":"2016-06-27T09:28:34","date_gmt":"2016-06-27T12:28:34","guid":{"rendered":"http:\/\/www.correio24horas.com.br\/blogs\/mesalte\/?p=4801"},"modified":"2016-06-27T09:28:34","modified_gmt":"2016-06-27T12:28:34","slug":"seminario-sobre-combate-a-transfobia-marca-o-dia-mundial-do-orgulho-lgbt","status":"publish","type":"post","link":"https:\/\/blogs.correio24horas.com.br\/mesalte\/seminario-sobre-combate-a-transfobia-marca-o-dia-mundial-do-orgulho-lgbt\/","title":{"rendered":"Semin\u00e1rio sobre combate a transfobia marca o Dia Mundial do Orgulho LGBT"},"content":{"rendered":"<p>Amanh\u00e3, no dia\u00c2\u00a0em que \u00e9 comemorado o Dia Mundial do Orgulho LGBT, acontece o 1\u00ba Semin\u00e1rio Dois Ter\u00e7os de Prosa, evento idealizado pelo site Dois Ter\u00e7os e que integra um programa de a\u00e7\u00f5es da campanha lan\u00e7ada em maio deste ano pelo veiculo, que traz como mote o combate \u00e0 \u00a0 transfobia. Por este motivo, o tema central do semin\u00e1rio ser\u00e1 &#8220;Transfobia: n\u00e3o h\u00e1 espa\u00e7o para o sil\u00eancio&#8221;. O semin\u00e1rio acontecer\u00e1 no Goeth Institut\/ICBA, no Corredor da Vit\u00f3ria.<\/p>\n<p>&#8220;Nosso objetivo \u00e9 reunir transexuais, transg\u00eaneros, travestis, gays, l\u00e9sbicas, bissexuais, simpatizantes e pesquisadores do tema para debater assuntos importantes do universo LGBT, especialmente a transfobia, que foi eleita como eixo focal da nossa luta em 2017, devido aos n\u00fameros alarmantes de viol\u00eancia contra a comunidade trans&#8221;, explica o editor-chefe do Dois Ter\u00e7os, Genilson Coutinho.\u00c2\u00a0O evento \u00e9 aberto ao p\u00fablico e ter\u00e1 entrega de certificado. As inscri\u00e7\u00f5es podem ser feitas <a href=\"http:\/\/goo.gl\/forms\/dYjJpzSS41EUAggX2.\" target=\"_blank\">atrav\u00e9s desse link\u00c2\u00a0<\/a><\/p>\n<p><strong>PROGRAMA\u00c7\u00c3O -\u00c2\u00a0<\/strong>Semin\u00e1rio Dois Ter\u00e7os de Prosa &#8211; &#8220;Transfobia: n\u00e3o h\u00e1 espa\u00e7o para o sil\u00eancio&#8221;<br \/>\n10h \u00e0 \u00a0s 12h \u201c Bate papo<br \/>\nTema: Transexuais e Travestis: repensando as institui\u00e7\u00f5es p\u00fablicas\u009d<br \/>\n&#8211; Mediadora: Dra. Beth\u00e2nia Ferreira<br \/>\n&#8211; Convidados: Keyla Simpson, Paulete Furac\u00e3o e Jorge Jesus (Centro de Refer\u00eancia LGBT);<\/p>\n<p>13h &#8211; Exibi\u00e7\u00e3o do document\u00e1rio Joelma<\/p>\n<p>14h \u00e0 \u00a0s 15h30 \u201c Bate papo<br \/>\nTema: Direitos espec\u00edficos ou direitos humanos? Relatos de experi\u00eancia de transexuais e travestis\u009d<br \/>\n&#8211; Mediador: En\u00e9sio de Deus<br \/>\n&#8211; Convidados: Milena Passos, Adriana Sampaio (M\u00e3es pela Diversidade), Jo\u00e3o Hugo e Diego Nascimento<\/p>\n<p>15h30 \u00e0 \u00a0s 17h &#8211; Coletivo Minissaia<\/p>\n<p>17h \u00e0 \u00a0s 18h &#8211; Arte e Sexualidade<br \/>\n&#8211; Convidados: Andr\u00e9a Magnoni, Filipe Harpo e Beth Dantas<\/p>\n<p>18h \u00e0 \u00a0s 19h \u201c Pocket show do grupo Vozes do Engenho<\/p>\n<p>* Atra\u00e7\u00f5es sujeitas a altera\u00e7\u00e3o sem o pr\u00e9vio aviso. Espa\u00e7o sujeito a lota\u00e7\u00e3o.<\/p>\n","protected":false},"excerpt":{"rendered":"<p>Amanh\u00e3, no dia\u00c2\u00a0em que \u00e9 comemorado o Dia Mundial do Orgulho LGBT, acontece o 1\u00ba Semin\u00e1rio Dois Ter\u00e7os de Prosa, evento idealizado pelo site Dois Ter\u00e7os [&hellip;]<\/p>\n","protected":false},"author":1,"featured_media":4802,"comment_status":"open","ping_status":"open","sticky":false,"template":"","format":"standard","meta":{"footnotes":""},"categories":[80,11],"tags":[402],"class_list":["post-4801","post","type-post","status-publish","format-standard","has-post-thumbnail","hentry","category-home","category-me-informo","tag-doistercos"],"_links":{"self":[{"href":"https:\/\/blogs.correio24horas.com.br\/mesalte\/wp-json\/wp\/v2\/posts\/4801","targetHints":{"allow":["GET"]}}],"collection":[{"href":"https:\/\/blogs.correio24horas.com.br\/mesalte\/wp-json\/wp\/v2\/posts"}],"about":[{"href":"https:\/\/blogs.correio24horas.com.br\/mesalte\/wp-json\/wp\/v2\/types\/post"}],"author":[{"embeddable":true,"href":"https:\/\/blogs.correio24horas.com.br\/mesalte\/wp-json\/wp\/v2\/users\/1"}],"replies":[{"embeddable":true,"href":"https:\/\/blogs.correio24horas.com.br\/mesalte\/wp-json\/wp\/v2\/comments?post=4801"}],"version-history":[{"count":1,"href":"https:\/\/blogs.correio24horas.com.br\/mesalte\/wp-json\/wp\/v2\/posts\/4801\/revisions"}],"predecessor-version":[{"id":4803,"href":"https:\/\/blogs.correio24horas.com.br\/mesalte\/wp-json\/wp\/v2\/posts\/4801\/revisions\/4803"}],"wp:featuredmedia":[{"embeddable":true,"href":"https:\/\/blogs.correio24horas.com.br\/mesalte\/wp-json\/wp\/v2\/media\/4802"}],"wp:attachment":[{"href":"https:\/\/blogs.correio24horas.com.br\/mesalte\/wp-json\/wp\/v2\/media?parent=4801"}],"wp:term":[{"taxonomy":"category","embeddable":true,"href":"https:\/\/blogs.correio24horas.com.br\/mesalte\/wp-json\/wp\/v2\/categories?post=4801"},{"taxonomy":"post_tag","embeddable":true,"href":"https:\/\/blogs.correio24horas.com.br\/mesalte\/wp-json\/wp\/v2\/tags?post=4801"}],"curies":[{"name":"wp","href":"https:\/\/api.w.org\/{rel}","templated":true}]}}