{"id":4797,"date":"2016-06-27T08:18:04","date_gmt":"2016-06-27T11:18:04","guid":{"rendered":"http:\/\/www.correio24horas.com.br\/blogs\/mesalte\/?p=4797"},"modified":"2016-06-27T08:18:04","modified_gmt":"2016-06-27T11:18:04","slug":"travesti-e-assassinada-em-atentado-a-usuarios-de-crack-na-gamboa","status":"publish","type":"post","link":"https:\/\/blogs.correio24horas.com.br\/mesalte\/travesti-e-assassinada-em-atentado-a-usuarios-de-crack-na-gamboa\/","title":{"rendered":"Travesti \u00e9 assassinada em atentado a usu\u00e1rios de crack na Gamboa"},"content":{"rendered":"<p>A travesti Sheila Santos, 36 anos, foi morta na madrugada de ontem na Gamboa de Baixo, em Salvador, com um tiro na cabe\u00e7a, enquanto usava a crak, de acordo com investiga\u00e7\u00f5es do Departamento de Homic\u00eddios e Prote\u00e7\u00e3o \u00e0 \u00a0 Pessoa (DHPP).\u00c2\u00a0Sheila, que era usu\u00e1ria de crack, foi baleada na cabe\u00e7a e morreu no local. O atirador estava num carro branco, que passou pelo local levando tr\u00eas homens. Um deles desceu, atirou contra um grupo de quatro pessoas e fugiu.<\/p>\n<p>Os disparos atingiram mais duas pessoas: Osvaldo de Jesus Tavares, 55, morador de Pero Vaz, foi baleado no pesco\u00e7o e ombro, e Rosemar Linhares Cardoso, 38, que reside no Garcia, nas n\u00e1degas. Os dois foram socorridos ao Hospital Geral do Estado, onde permanecem internados.\u00c2\u00a0No momento do ataque, o irm\u00e3o de Sheila, Fl\u00e1vio Henrique Santos de Souza, 30, tamb\u00e9m usu\u00e1rio de crack, estava no local.<\/p>\n<p>O caso \u00e9 investigado pelo Departamento de Homic\u00eddios e Prote\u00e7\u00e3o \u00e0 \u00a0 Pessoa (DHPP). Segundo moradores da regi\u00e3o, os disparos foram efetuados por um ex-morador da Gamboa, identificado como Geovane. Ele jurou vingan\u00e7a ap\u00f3s ter sido expulso do local, h\u00e1 cerca de seis meses, por traficantes rivais.<\/p>\n<div id=\"attachment_4798\" style=\"width: 610px\" class=\"wp-caption aligncenter\"><img loading=\"lazy\" decoding=\"async\" aria-describedby=\"caption-attachment-4798\" class=\"size-full wp-image-4798\" src=\"http:\/\/www.correio24horas.com.br\/blogs\/mesalte\/wp-content\/uploads\/2016\/06\/SHEILA-SANTOS.jpg\" alt=\"Sheila usava crack h\u00e1 10 anos, segundo a fam\u00edlia Foto: Reprodu\u00e7\u00e3o \" width=\"600\" height=\"600\" srcset=\"https:\/\/blogs.correio24h.com.br\/mesalte\/wp-content\/uploads\/2016\/06\/SHEILA-SANTOS.jpg 600w, https:\/\/blogs.correio24h.com.br\/mesalte\/wp-content\/uploads\/2016\/06\/SHEILA-SANTOS-150x150.jpg 150w, https:\/\/blogs.correio24h.com.br\/mesalte\/wp-content\/uploads\/2016\/06\/SHEILA-SANTOS-300x300.jpg 300w, https:\/\/blogs.correio24h.com.br\/mesalte\/wp-content\/uploads\/2016\/06\/SHEILA-SANTOS-146x146.jpg 146w, https:\/\/blogs.correio24h.com.br\/mesalte\/wp-content\/uploads\/2016\/06\/SHEILA-SANTOS-50x50.jpg 50w, https:\/\/blogs.correio24h.com.br\/mesalte\/wp-content\/uploads\/2016\/06\/SHEILA-SANTOS-80x80.jpg 80w, https:\/\/blogs.correio24h.com.br\/mesalte\/wp-content\/uploads\/2016\/06\/SHEILA-SANTOS-75x75.jpg 75w, https:\/\/blogs.correio24h.com.br\/mesalte\/wp-content\/uploads\/2016\/06\/SHEILA-SANTOS-85x85.jpg 85w\" sizes=\"auto, (max-width: 600px) 100vw, 600px\" \/><p id=\"caption-attachment-4798\" class=\"wp-caption-text\">Sheila usava crack h\u00e1 10 anos, segundo a fam\u00edlia<br \/>Foto: Reprodu\u00e7\u00e3o<\/p><\/div>\n<p>Sheila usava crack h\u00e1 dez anos. Ela come\u00e7ou com maconha. Para o crack foi um pulo. A gente falava tanto, mas a pedra venceu ela\u009d, disse C\u00edntia. Ela n\u00e3o queria saber de internamento\u009d, disse C\u00edntia Suzana Santos de Souza, irm\u00e3 da v\u00edtima em entrevista ao CORREIO.<\/p>\n<p>Sheila trabalhava como empregada dom\u00e9stica em Tancredo Neves. Era uma pessoa do bem, o \u00fanico defeito dela era que usava crack\u009d, declarou a educadora e amiga da fam\u00edlia, Alana Carvalho, 34.<\/p>\n<p>Presidente do Grupo Gay da Bahia (GGB), Marcelo Cerqueira acredita que o crime foi motivado por transfobia: Ela n\u00e3o era ladra, tinha rela\u00e7\u00f5es com a comunidade. Foi motivo f\u00fatil, transfobia. N\u00e3o foi coisa do \u02dcmovimento\u2122. Foi maldade com pobre, preto, morador de rua e trans\u009d.<\/p>\n<p>Com a morte de Sheila sobe para 19 o n\u00famero de crimes contra LGBTs na Bahia, este ano. O corpo de Sheila \u00e9 velado desde ontem no Cemit\u00e9rio do Campo Santo. Ela ser\u00e1 enterrada hoje \u00e0 \u00a0 tarde.<\/p>\n<p>*Com informa\u00e7\u00f5es do rep\u00f3rter Bruno Wendel\/CORREIO<\/p>\n","protected":false},"excerpt":{"rendered":"<p>A travesti Sheila Santos, 36 anos, foi morta na madrugada de ontem na Gamboa de Baixo, em Salvador, com um tiro na cabe\u00e7a, enquanto usava a [&hellip;]<\/p>\n","protected":false},"author":1,"featured_media":0,"comment_status":"open","ping_status":"open","sticky":false,"template":"","format":"standard","meta":{"footnotes":""},"categories":[80,11],"tags":[],"class_list":["post-4797","post","type-post","status-publish","format-standard","hentry","category-home","category-me-informo"],"_links":{"self":[{"href":"https:\/\/blogs.correio24horas.com.br\/mesalte\/wp-json\/wp\/v2\/posts\/4797","targetHints":{"allow":["GET"]}}],"collection":[{"href":"https:\/\/blogs.correio24horas.com.br\/mesalte\/wp-json\/wp\/v2\/posts"}],"about":[{"href":"https:\/\/blogs.correio24horas.com.br\/mesalte\/wp-json\/wp\/v2\/types\/post"}],"author":[{"embeddable":true,"href":"https:\/\/blogs.correio24horas.com.br\/mesalte\/wp-json\/wp\/v2\/users\/1"}],"replies":[{"embeddable":true,"href":"https:\/\/blogs.correio24horas.com.br\/mesalte\/wp-json\/wp\/v2\/comments?post=4797"}],"version-history":[{"count":1,"href":"https:\/\/blogs.correio24horas.com.br\/mesalte\/wp-json\/wp\/v2\/posts\/4797\/revisions"}],"predecessor-version":[{"id":4799,"href":"https:\/\/blogs.correio24horas.com.br\/mesalte\/wp-json\/wp\/v2\/posts\/4797\/revisions\/4799"}],"wp:attachment":[{"href":"https:\/\/blogs.correio24horas.com.br\/mesalte\/wp-json\/wp\/v2\/media?parent=4797"}],"wp:term":[{"taxonomy":"category","embeddable":true,"href":"https:\/\/blogs.correio24horas.com.br\/mesalte\/wp-json\/wp\/v2\/categories?post=4797"},{"taxonomy":"post_tag","embeddable":true,"href":"https:\/\/blogs.correio24horas.com.br\/mesalte\/wp-json\/wp\/v2\/tags?post=4797"}],"curies":[{"name":"wp","href":"https:\/\/api.w.org\/{rel}","templated":true}]}}