{"id":4788,"date":"2016-06-25T10:11:18","date_gmt":"2016-06-25T13:11:18","guid":{"rendered":"http:\/\/www.correio24horas.com.br\/blogs\/mesalte\/?p=4788"},"modified":"2016-06-25T10:11:18","modified_gmt":"2016-06-25T13:11:18","slug":"sete-pessoas-desmaiam-durante-show-de-luan-santana-na-bahia","status":"publish","type":"post","link":"https:\/\/blogs.correio24horas.com.br\/mesalte\/sete-pessoas-desmaiam-durante-show-de-luan-santana-na-bahia\/","title":{"rendered":"Sete pessoas desmaiam durante show de Luan Santana na Bahia"},"content":{"rendered":"<p>A vontade de estar perto do gracinha do Luan Santana levou uma multid\u00e3o ontem \u00e0 \u00a0 noite para a pra\u00e7a central da cidade de Santo Ant\u00f4nio de Jesus, no interior da Bahia. Mas, a aglomera\u00e7\u00e3o dos f\u00e3s levou pelo menos sete pessoas a desmaiar durante aproximadamente 1h15 de apresenta\u00e7\u00e3o do artista. Socorristas retiraram as pessoas &#8211; seis mulheres e um homem &#8211; do local do show desmaiadas. Ap\u00f3s o atendimento, todas foram liberadas.<\/p>\n<div id=\"attachment_4792\" style=\"width: 970px\" class=\"wp-caption aligncenter\"><img loading=\"lazy\" decoding=\"async\" aria-describedby=\"caption-attachment-4792\" class=\"size-full wp-image-4792\" src=\"http:\/\/www.correio24horas.com.br\/blogs\/mesalte\/wp-content\/uploads\/2016\/06\/image-4.jpeg\" alt=\"F\u00e3s vibraram com o show do Luan \" width=\"960\" height=\"720\" srcset=\"https:\/\/blogs.correio24h.com.br\/mesalte\/wp-content\/uploads\/2016\/06\/image-4.jpeg 960w, https:\/\/blogs.correio24h.com.br\/mesalte\/wp-content\/uploads\/2016\/06\/image-4-300x225.jpeg 300w, https:\/\/blogs.correio24h.com.br\/mesalte\/wp-content\/uploads\/2016\/06\/image-4-768x576.jpeg 768w, https:\/\/blogs.correio24h.com.br\/mesalte\/wp-content\/uploads\/2016\/06\/image-4-195x146.jpeg 195w, https:\/\/blogs.correio24h.com.br\/mesalte\/wp-content\/uploads\/2016\/06\/image-4-50x38.jpeg 50w, https:\/\/blogs.correio24h.com.br\/mesalte\/wp-content\/uploads\/2016\/06\/image-4-100x75.jpeg 100w\" sizes=\"auto, (max-width: 960px) 100vw, 960px\" \/><p id=\"caption-attachment-4792\" class=\"wp-caption-text\">F\u00e3s vibraram com o show do Luan<\/p><\/div>\n<p>Luan chegou a voar durante sua apresenta\u00e7\u00e3o gratuita na cidade para cerca de 15 mil pessoas, segundo estimativa da Pol\u00edcia Militar. Ele usou uma grua mec\u00e2nica para cantar sobre o p\u00fablico que n\u00e3o deixou uma m\u00fasica sequer sem seguir o cantor em alto e bom som. F\u00e3s vieram das mais variadas cidades da Bahia para acompanhar o show do artista que reuniu seus principais sucessos al\u00e9m da rec\u00e9m-lan\u00e7ada &#8220;Eu, voc\u00ea, o mar e ela&#8221;.<\/p>\n<p><img loading=\"lazy\" decoding=\"async\" class=\"aligncenter size-large wp-image-4794\" src=\"http:\/\/www.correio24horas.com.br\/blogs\/mesalte\/wp-content\/uploads\/2016\/06\/image-6.jpeg\" alt=\"image\" width=\"960\" height=\"960\" srcset=\"https:\/\/blogs.correio24h.com.br\/mesalte\/wp-content\/uploads\/2016\/06\/image-6.jpeg 960w, https:\/\/blogs.correio24h.com.br\/mesalte\/wp-content\/uploads\/2016\/06\/image-6-150x150.jpeg 150w, https:\/\/blogs.correio24h.com.br\/mesalte\/wp-content\/uploads\/2016\/06\/image-6-300x300.jpeg 300w, https:\/\/blogs.correio24h.com.br\/mesalte\/wp-content\/uploads\/2016\/06\/image-6-768x768.jpeg 768w, https:\/\/blogs.correio24h.com.br\/mesalte\/wp-content\/uploads\/2016\/06\/image-6-146x146.jpeg 146w, https:\/\/blogs.correio24h.com.br\/mesalte\/wp-content\/uploads\/2016\/06\/image-6-50x50.jpeg 50w, https:\/\/blogs.correio24h.com.br\/mesalte\/wp-content\/uploads\/2016\/06\/image-6-80x80.jpeg 80w, https:\/\/blogs.correio24h.com.br\/mesalte\/wp-content\/uploads\/2016\/06\/image-6-75x75.jpeg 75w, https:\/\/blogs.correio24h.com.br\/mesalte\/wp-content\/uploads\/2016\/06\/image-6-85x85.jpeg 85w\" sizes=\"auto, (max-width: 960px) 100vw, 960px\" \/><\/p>\n<p>&nbsp;<\/p>\n<p>O visual do cantor chamou aten\u00e7\u00e3o : coque samurai, cal\u00e7a just\u00edssima, camisa entreaberta deixando \u00e0 \u00a0 mostra o peito depilado e cueca amarela. Os gritos de &#8220;gostoso&#8221;, &#8220;del\u00edcia&#8221; e &#8220;sai do arm\u00e1rio&#8221; foram os mais ouvidos.\u00c2\u00a0Antes do show, Luan disse que adora a tradi\u00e7\u00e3o do S\u00e3o Jo\u00e3o: &#8220;Sempre nessa \u00e9poca do ano fa\u00e7o quest\u00e3o de fazer turn\u00ea aqui no Nordeste&#8217;.<\/p>\n<p>&nbsp;<\/p>\n<p>&nbsp;<\/p>\n<p>&nbsp;<\/p>\n<p>&nbsp;<\/p>\n<p>&nbsp;<\/p>\n<p>&nbsp;<\/p>\n","protected":false},"excerpt":{"rendered":"<p>A vontade de estar perto do gracinha do Luan Santana levou uma multid\u00e3o ontem \u00e0 \u00a0 noite para a pra\u00e7a central da cidade de Santo Ant\u00f4nio [&hellip;]<\/p>\n","protected":false},"author":1,"featured_media":4793,"comment_status":"open","ping_status":"open","sticky":false,"template":"","format":"standard","meta":{"footnotes":""},"categories":[80,27],"tags":[401],"class_list":["post-4788","post","type-post","status-publish","format-standard","has-post-thumbnail","hentry","category-home","category-me-abano","tag-luansantana"],"_links":{"self":[{"href":"https:\/\/blogs.correio24horas.com.br\/mesalte\/wp-json\/wp\/v2\/posts\/4788","targetHints":{"allow":["GET"]}}],"collection":[{"href":"https:\/\/blogs.correio24horas.com.br\/mesalte\/wp-json\/wp\/v2\/posts"}],"about":[{"href":"https:\/\/blogs.correio24horas.com.br\/mesalte\/wp-json\/wp\/v2\/types\/post"}],"author":[{"embeddable":true,"href":"https:\/\/blogs.correio24horas.com.br\/mesalte\/wp-json\/wp\/v2\/users\/1"}],"replies":[{"embeddable":true,"href":"https:\/\/blogs.correio24horas.com.br\/mesalte\/wp-json\/wp\/v2\/comments?post=4788"}],"version-history":[{"count":4,"href":"https:\/\/blogs.correio24horas.com.br\/mesalte\/wp-json\/wp\/v2\/posts\/4788\/revisions"}],"predecessor-version":[{"id":4795,"href":"https:\/\/blogs.correio24horas.com.br\/mesalte\/wp-json\/wp\/v2\/posts\/4788\/revisions\/4795"}],"wp:featuredmedia":[{"embeddable":true,"href":"https:\/\/blogs.correio24horas.com.br\/mesalte\/wp-json\/wp\/v2\/media\/4793"}],"wp:attachment":[{"href":"https:\/\/blogs.correio24horas.com.br\/mesalte\/wp-json\/wp\/v2\/media?parent=4788"}],"wp:term":[{"taxonomy":"category","embeddable":true,"href":"https:\/\/blogs.correio24horas.com.br\/mesalte\/wp-json\/wp\/v2\/categories?post=4788"},{"taxonomy":"post_tag","embeddable":true,"href":"https:\/\/blogs.correio24horas.com.br\/mesalte\/wp-json\/wp\/v2\/tags?post=4788"}],"curies":[{"name":"wp","href":"https:\/\/api.w.org\/{rel}","templated":true}]}}