{"id":4420,"date":"2016-06-08T12:59:05","date_gmt":"2016-06-08T15:59:05","guid":{"rendered":"http:\/\/www.correio24horas.com.br\/blogs\/mesalte\/?p=4420"},"modified":"2016-06-08T13:02:42","modified_gmt":"2016-06-08T16:02:42","slug":"primeira-transito-feminina-a-ter-um-cargo-em-secretaria-de-estado-sera-candidata-a-vereadora","status":"publish","type":"post","link":"https:\/\/blogs.correio24horas.com.br\/mesalte\/primeira-transito-feminina-a-ter-um-cargo-em-secretaria-de-estado-sera-candidata-a-vereadora\/","title":{"rendered":"Primeira trans feminina a ter um cargo em secretaria de estado ser\u00e1 candidata a vereadora"},"content":{"rendered":"<p>A primeira trans feminina a assumir um cargo em uma secretaria de estado na Bahia, Paulett Furac\u00e3o , informou que \u00e9 pr\u00e9-candidata ao cargo de vereadora de Salvador pelo PSB. &#8220;Quero trazer visibilidade, principalmente para o segmento das travestis e transexuais, que s\u00e3o o grupo mais vulner\u00e1vel da sociedade&#8221;, disse Paulett ao indicar qual seria o seu diferencial em rela\u00e7\u00e3o \u00e0 \u00a0s outras candidaturas LGBts.<\/p>\n<p>Paulett , que \u00e9 do Nordeste de Amaralina, tem forte hist\u00f3rico de milit\u00e2ncia. &#8221; Acredito que todas as candidaturas LGBts s\u00e3o importantes porque assim teremos visibilidade para o nosso segmento. No meu caso, ajudei a construir a primeira confer\u00eancia estadual LGBT, o f\u00f3rum LGBT baiano e sou a primeira trans a ocupar um cargo p\u00fablico no estado&#8221;, argumenta.\u00c2\u00a0<img loading=\"lazy\" decoding=\"async\" class=\"aligncenter size-large wp-image-3892\" src=\"http:\/\/www.correio24horas.com.br\/blogs\/mesalte\/wp-content\/uploads\/2016\/05\/Paulett-Furac\u00e3o-no-Nordeste-de-Amaralina3-2-1024x772.jpg\" alt=\"Paulett Furac\u00e3o no Nordeste de Amaralina3 (2)\" width=\"1024\" height=\"772\" srcset=\"https:\/\/blogs.correio24h.com.br\/mesalte\/wp-content\/uploads\/2016\/05\/Paulett-Furac\u00e3o-no-Nordeste-de-Amaralina3-2-1024x772.jpg 1024w, https:\/\/blogs.correio24h.com.br\/mesalte\/wp-content\/uploads\/2016\/05\/Paulett-Furac\u00e3o-no-Nordeste-de-Amaralina3-2-300x226.jpg 300w, https:\/\/blogs.correio24h.com.br\/mesalte\/wp-content\/uploads\/2016\/05\/Paulett-Furac\u00e3o-no-Nordeste-de-Amaralina3-2-768x579.jpg 768w, https:\/\/blogs.correio24h.com.br\/mesalte\/wp-content\/uploads\/2016\/05\/Paulett-Furac\u00e3o-no-Nordeste-de-Amaralina3-2-194x146.jpg 194w, https:\/\/blogs.correio24h.com.br\/mesalte\/wp-content\/uploads\/2016\/05\/Paulett-Furac\u00e3o-no-Nordeste-de-Amaralina3-2-50x38.jpg 50w, https:\/\/blogs.correio24h.com.br\/mesalte\/wp-content\/uploads\/2016\/05\/Paulett-Furac\u00e3o-no-Nordeste-de-Amaralina3-2-99x75.jpg 99w, https:\/\/blogs.correio24h.com.br\/mesalte\/wp-content\/uploads\/2016\/05\/Paulett-Furac\u00e3o-no-Nordeste-de-Amaralina3-2.jpg 1122w\" sizes=\"auto, (max-width: 1024px) 100vw, 1024px\" \/><\/p>\n","protected":false},"excerpt":{"rendered":"<p>A primeira trans feminina a assumir um cargo em uma secretaria de estado na Bahia, Paulett Furac\u00e3o , informou que \u00e9 pr\u00e9-candidata ao cargo de vereadora [&hellip;]<\/p>\n","protected":false},"author":1,"featured_media":3891,"comment_status":"open","ping_status":"open","sticky":false,"template":"","format":"image","meta":{"footnotes":""},"categories":[80,11],"tags":[],"class_list":["post-4420","post","type-post","status-publish","format-image","has-post-thumbnail","hentry","category-home","category-me-informo","post_format-post-format-image"],"_links":{"self":[{"href":"https:\/\/blogs.correio24horas.com.br\/mesalte\/wp-json\/wp\/v2\/posts\/4420","targetHints":{"allow":["GET"]}}],"collection":[{"href":"https:\/\/blogs.correio24horas.com.br\/mesalte\/wp-json\/wp\/v2\/posts"}],"about":[{"href":"https:\/\/blogs.correio24horas.com.br\/mesalte\/wp-json\/wp\/v2\/types\/post"}],"author":[{"embeddable":true,"href":"https:\/\/blogs.correio24horas.com.br\/mesalte\/wp-json\/wp\/v2\/users\/1"}],"replies":[{"embeddable":true,"href":"https:\/\/blogs.correio24horas.com.br\/mesalte\/wp-json\/wp\/v2\/comments?post=4420"}],"version-history":[{"count":3,"href":"https:\/\/blogs.correio24horas.com.br\/mesalte\/wp-json\/wp\/v2\/posts\/4420\/revisions"}],"predecessor-version":[{"id":4423,"href":"https:\/\/blogs.correio24horas.com.br\/mesalte\/wp-json\/wp\/v2\/posts\/4420\/revisions\/4423"}],"wp:featuredmedia":[{"embeddable":true,"href":"https:\/\/blogs.correio24horas.com.br\/mesalte\/wp-json\/wp\/v2\/media\/3891"}],"wp:attachment":[{"href":"https:\/\/blogs.correio24horas.com.br\/mesalte\/wp-json\/wp\/v2\/media?parent=4420"}],"wp:term":[{"taxonomy":"category","embeddable":true,"href":"https:\/\/blogs.correio24horas.com.br\/mesalte\/wp-json\/wp\/v2\/categories?post=4420"},{"taxonomy":"post_tag","embeddable":true,"href":"https:\/\/blogs.correio24horas.com.br\/mesalte\/wp-json\/wp\/v2\/tags?post=4420"}],"curies":[{"name":"wp","href":"https:\/\/api.w.org\/{rel}","templated":true}]}}