{"id":4393,"date":"2016-06-08T08:27:50","date_gmt":"2016-06-08T11:27:50","guid":{"rendered":"http:\/\/www.correio24horas.com.br\/blogs\/mesalte\/?p=4393"},"modified":"2016-06-08T08:33:32","modified_gmt":"2016-06-08T11:33:32","slug":"faculdade-baiana-de-direito-abre-selecao-para-contratar-pessoas-trans","status":"publish","type":"post","link":"https:\/\/blogs.correio24horas.com.br\/mesalte\/faculdade-baiana-de-direito-abre-selecao-para-contratar-pessoas-trans\/","title":{"rendered":"Faculdade Baiana de Direito abre sele\u00e7\u00e3o para contratar pessoas trans"},"content":{"rendered":"<p>A inser\u00e7\u00e3o de pessoas trans no mercado de trabalho \u00e9 uma das grandes dificuldades enfrentadas por essa popula\u00e7\u00e3o. Enquanto muitas empresas dificultam esse acesso outras d\u00e3o um passo em favor da diversidade.\u00c2\u00a0A Faculdade Baiana de Direito, localizada em Salvador, \u00c2\u00a0est\u00e1 selecionando candidatas (os) para compor o seu quadro de funcion\u00e1rios. A ocupa\u00e7\u00e3o das vagas se dar\u00e1 preferencialmente por transexuais. As (os) \u00c2\u00a0interessadas (os) devem enviar curr\u00edculo \u00c2\u00a0para o e-mail. curriculo@faculdadebaianadedireito.com.br.<\/p>\n<p>De acordo com a divulga\u00e7\u00e3o da faculdade, as vagas s\u00e3o para cargo de advogado, recepcionista e assistente de atendimento de biblioteca. &#8220;A a\u00e7\u00e3o faz parte de uma pol\u00edtica afirmativa de promo\u00e7\u00e3o de direitos da diversidade, que vem sendo trabalhada pela institui\u00e7\u00e3o. Al\u00e9m das contrata\u00e7\u00f5es, a Faculdade Baiana de Direito pretende adotar ainda este ano, o nome social para alunos, nas atividades acad\u00eamicas e administrativas. A a\u00e7\u00e3o que est\u00e1 em fase de normatiza\u00e7\u00e3o e vem sendo amplamente discutida com comunidade acad\u00eamica e grupos LGBTIs&#8221;, informou a institui\u00e7\u00e3o atrav\u00e9s de nota.<\/p>\n","protected":false},"excerpt":{"rendered":"<p>A inser\u00e7\u00e3o de pessoas trans no mercado de trabalho \u00e9 uma das grandes dificuldades enfrentadas por essa popula\u00e7\u00e3o. Enquanto muitas empresas dificultam esse acesso outras d\u00e3o [&hellip;]<\/p>\n","protected":false},"author":1,"featured_media":0,"comment_status":"open","ping_status":"open","sticky":false,"template":"","format":"standard","meta":{"footnotes":""},"categories":[80,9],"tags":[],"class_list":["post-4393","post","type-post","status-publish","format-standard","hentry","category-home","category-me-orgulho"],"_links":{"self":[{"href":"https:\/\/blogs.correio24horas.com.br\/mesalte\/wp-json\/wp\/v2\/posts\/4393","targetHints":{"allow":["GET"]}}],"collection":[{"href":"https:\/\/blogs.correio24horas.com.br\/mesalte\/wp-json\/wp\/v2\/posts"}],"about":[{"href":"https:\/\/blogs.correio24horas.com.br\/mesalte\/wp-json\/wp\/v2\/types\/post"}],"author":[{"embeddable":true,"href":"https:\/\/blogs.correio24horas.com.br\/mesalte\/wp-json\/wp\/v2\/users\/1"}],"replies":[{"embeddable":true,"href":"https:\/\/blogs.correio24horas.com.br\/mesalte\/wp-json\/wp\/v2\/comments?post=4393"}],"version-history":[{"count":2,"href":"https:\/\/blogs.correio24horas.com.br\/mesalte\/wp-json\/wp\/v2\/posts\/4393\/revisions"}],"predecessor-version":[{"id":4402,"href":"https:\/\/blogs.correio24horas.com.br\/mesalte\/wp-json\/wp\/v2\/posts\/4393\/revisions\/4402"}],"wp:attachment":[{"href":"https:\/\/blogs.correio24horas.com.br\/mesalte\/wp-json\/wp\/v2\/media?parent=4393"}],"wp:term":[{"taxonomy":"category","embeddable":true,"href":"https:\/\/blogs.correio24horas.com.br\/mesalte\/wp-json\/wp\/v2\/categories?post=4393"},{"taxonomy":"post_tag","embeddable":true,"href":"https:\/\/blogs.correio24horas.com.br\/mesalte\/wp-json\/wp\/v2\/tags?post=4393"}],"curies":[{"name":"wp","href":"https:\/\/api.w.org\/{rel}","templated":true}]}}