{"id":4366,"date":"2016-06-07T15:26:33","date_gmt":"2016-06-07T18:26:33","guid":{"rendered":"http:\/\/www.correio24horas.com.br\/blogs\/mesalte\/?p=4366"},"modified":"2016-06-07T16:09:51","modified_gmt":"2016-06-07T19:09:51","slug":"em-premiacao-de-moda-beyonce-revela-preconceito-que-sofreu-no-inicio-da-carreira","status":"publish","type":"post","link":"https:\/\/blogs.correio24horas.com.br\/mesalte\/em-premiacao-de-moda-beyonce-revela-preconceito-que-sofreu-no-inicio-da-carreira\/","title":{"rendered":"Em premia\u00e7\u00e3o de moda, Beyonc\u00e9 revela preconceito que sofreu no in\u00edcio da carreira"},"content":{"rendered":"<p>A diva Beyonc\u00e9 recebeu, na noite de ontem, o pr\u00eamio de \u00edcone fashion do ano em cerim\u00f4nia nos Estados Unidos. Durante a cerim\u00f4nia do CDFA Fashion Awards, em Nova York, Beyonc\u00e9 foi acompanhada pelo marido, o rapper Jay-Z e a pequena Blue Ivy Carter, filha dela. Bey emocionou o p\u00fablico ao falar dos preconceitos que enfrentou no in\u00edcio da carreira.<\/p>\n<p>Na sequ\u00eancia, Beyonc\u00e9 relembrou o apoio que recebeu da m\u00e3e desde o in\u00edcio da carreira. Quando est\u00e1vamos come\u00e7ando com o Destiny\u2122s Child\u009d, nenhuma estilista de alta costura queria vestir quatro meninas negras de corpos curvil\u00edneos. Minha m\u00e3e foi rejeitada em cada showroom de Nova York. Mas, como minha av\u00f3, ela usou seu talento e sua criatividade para dar a seus filhos, seus sonhos. Minha m\u00e3e e minha tia, que Deus a tenha, fez todos os nossos primeiros figurinos, bordando individualmente centenas de cristais e p\u00e9rolas, colocando muita paix\u00e3o e amor em cada pequeno detalhe. Quando eu usava essas roupas, me sentia como Khaleesi. Era uma armadura, muito mais forte que qualquer outra marca&#8221;, disse Beyonc\u00e9 no discurso para emo\u00e7\u00e3o de sua m\u00e3e, Tina Knowles, que estava na plateia.<\/p>\n<p>Ela se vestiu inspirada em\u00c2\u00a0 Michael Jackson e tamb\u00e9m usou o chap\u00e9u da turn\u00ea Lemonade.<\/p>\n<p><strong>Veja a \u00edntegra do discurso da diva&gt;&gt;&gt;<\/strong><br \/>\n<iframe loading=\"lazy\" src=\"https:\/\/www.youtube.com\/embed\/bNRdOKJkam4\" width=\"420\" height=\"315\" frameborder=\"0\" allowfullscreen=\"allowfullscreen\"><\/iframe><\/p>\n","protected":false},"excerpt":{"rendered":"<p>A diva Beyonc\u00e9 recebeu, na noite de ontem, o pr\u00eamio de \u00edcone fashion do ano em cerim\u00f4nia nos Estados Unidos. Durante a cerim\u00f4nia do CDFA Fashion [&hellip;]<\/p>\n","protected":false},"author":1,"featured_media":4367,"comment_status":"open","ping_status":"open","sticky":false,"template":"","format":"image","meta":{"footnotes":""},"categories":[80,26],"tags":[86],"class_list":["post-4366","post","type-post","status-publish","format-image","has-post-thumbnail","hentry","category-home","category-me-inspiro","tag-beyonce","post_format-post-format-image"],"_links":{"self":[{"href":"https:\/\/blogs.correio24horas.com.br\/mesalte\/wp-json\/wp\/v2\/posts\/4366","targetHints":{"allow":["GET"]}}],"collection":[{"href":"https:\/\/blogs.correio24horas.com.br\/mesalte\/wp-json\/wp\/v2\/posts"}],"about":[{"href":"https:\/\/blogs.correio24horas.com.br\/mesalte\/wp-json\/wp\/v2\/types\/post"}],"author":[{"embeddable":true,"href":"https:\/\/blogs.correio24horas.com.br\/mesalte\/wp-json\/wp\/v2\/users\/1"}],"replies":[{"embeddable":true,"href":"https:\/\/blogs.correio24horas.com.br\/mesalte\/wp-json\/wp\/v2\/comments?post=4366"}],"version-history":[{"count":1,"href":"https:\/\/blogs.correio24horas.com.br\/mesalte\/wp-json\/wp\/v2\/posts\/4366\/revisions"}],"predecessor-version":[{"id":4368,"href":"https:\/\/blogs.correio24horas.com.br\/mesalte\/wp-json\/wp\/v2\/posts\/4366\/revisions\/4368"}],"wp:featuredmedia":[{"embeddable":true,"href":"https:\/\/blogs.correio24horas.com.br\/mesalte\/wp-json\/wp\/v2\/media\/4367"}],"wp:attachment":[{"href":"https:\/\/blogs.correio24horas.com.br\/mesalte\/wp-json\/wp\/v2\/media?parent=4366"}],"wp:term":[{"taxonomy":"category","embeddable":true,"href":"https:\/\/blogs.correio24horas.com.br\/mesalte\/wp-json\/wp\/v2\/categories?post=4366"},{"taxonomy":"post_tag","embeddable":true,"href":"https:\/\/blogs.correio24horas.com.br\/mesalte\/wp-json\/wp\/v2\/tags?post=4366"}],"curies":[{"name":"wp","href":"https:\/\/api.w.org\/{rel}","templated":true}]}}