{"id":4334,"date":"2016-06-06T14:27:40","date_gmt":"2016-06-06T17:27:40","guid":{"rendered":"http:\/\/www.correio24horas.com.br\/blogs\/mesalte\/?p=4334"},"modified":"2016-06-06T15:13:57","modified_gmt":"2016-06-06T18:13:57","slug":"casamento-lgbt-coletivo-de-salvador-e-adiado-para-setembro","status":"publish","type":"post","link":"https:\/\/blogs.correio24horas.com.br\/mesalte\/casamento-lgbt-coletivo-de-salvador-e-adiado-para-setembro\/","title":{"rendered":"Casamento LGBT coletivo de Salvador \u00e9 adiado para setembro"},"content":{"rendered":"<p>O casamento comunit\u00e1rio LGBT, <a href=\"http:\/\/www.correio24horas.com.br\/blogs\/mesalte\/quer-casar-ministerio-publico-promove-casamento-coletivo-lgbt-veja-como-se-inscrever\/\" target=\"_blank\">que aconteceria no pr\u00f3ximo dia 10 de junho<\/a>, em Salvador, foi adiado para o m\u00eas de setembro. A informa\u00e7\u00e3o foi confirmada hoje pela promotora M\u00e1rcia Teixeira, do Grupo de Atua\u00e7\u00e3o Especial em Defesa da Mulher e da Popula\u00e7\u00e3o LGBT (Gedem). &#8220;Tivemos que adiar a realiza\u00e7\u00e3o da cerim\u00f4nia para setembro &#8211; em data que ainda ser\u00e1 divulgada &#8211; por quest\u00f5es burocr\u00e1ticas de documentos dos noivos e noivas&#8221;, explicou a promotora.<\/p>\n<p>Com o adiamento, quem n\u00e3o se inscreveu pode fazer a inscri\u00e7\u00e3o no projeto \u02dcSim ao Amor \u201c Casamento Coletivo LGBT\u2122 , que far\u00e1 todo o procedimento de forma gratuita. &#8220;No final do m\u00eas haver\u00e1 um casamento LGBT comunit\u00e1rio em Santo Amaro e em setembro acontecer\u00e1 o de Salvador&#8221;, destaca a promotora.<\/p>\n<p><strong>Veja abaixo como se inscrever e participar do casamento:<\/strong><\/p>\n<p><img loading=\"lazy\" decoding=\"async\" class=\"aligncenter size-large wp-image-4335\" src=\"http:\/\/www.correio24horas.com.br\/blogs\/mesalte\/wp-content\/uploads\/2016\/06\/Casamento-734x1024.jpg\" alt=\"Casamento\" width=\"734\" height=\"1024\" srcset=\"https:\/\/blogs.correio24h.com.br\/mesalte\/wp-content\/uploads\/2016\/06\/Casamento-734x1024.jpg 734w, https:\/\/blogs.correio24h.com.br\/mesalte\/wp-content\/uploads\/2016\/06\/Casamento-215x300.jpg 215w, https:\/\/blogs.correio24h.com.br\/mesalte\/wp-content\/uploads\/2016\/06\/Casamento-768x1072.jpg 768w, https:\/\/blogs.correio24h.com.br\/mesalte\/wp-content\/uploads\/2016\/06\/Casamento-105x146.jpg 105w, https:\/\/blogs.correio24h.com.br\/mesalte\/wp-content\/uploads\/2016\/06\/Casamento-36x50.jpg 36w, https:\/\/blogs.correio24h.com.br\/mesalte\/wp-content\/uploads\/2016\/06\/Casamento-54x75.jpg 54w, https:\/\/blogs.correio24h.com.br\/mesalte\/wp-content\/uploads\/2016\/06\/Casamento.jpg 797w\" sizes=\"auto, (max-width: 734px) 100vw, 734px\" \/><\/p>\n<p>&nbsp;<\/p>\n","protected":false},"excerpt":{"rendered":"<p>O casamento comunit\u00e1rio LGBT, que aconteceria no pr\u00f3ximo dia 10 de junho, em Salvador, foi adiado para o m\u00eas de setembro. A informa\u00e7\u00e3o foi confirmada hoje [&hellip;]<\/p>\n","protected":false},"author":1,"featured_media":2517,"comment_status":"open","ping_status":"open","sticky":false,"template":"","format":"image","meta":{"footnotes":""},"categories":[80,26],"tags":[332,333],"class_list":["post-4334","post","type-post","status-publish","format-image","has-post-thumbnail","hentry","category-home","category-me-inspiro","tag-casamentolgbt","tag-casaremsalvador","post_format-post-format-image"],"_links":{"self":[{"href":"https:\/\/blogs.correio24horas.com.br\/mesalte\/wp-json\/wp\/v2\/posts\/4334","targetHints":{"allow":["GET"]}}],"collection":[{"href":"https:\/\/blogs.correio24horas.com.br\/mesalte\/wp-json\/wp\/v2\/posts"}],"about":[{"href":"https:\/\/blogs.correio24horas.com.br\/mesalte\/wp-json\/wp\/v2\/types\/post"}],"author":[{"embeddable":true,"href":"https:\/\/blogs.correio24horas.com.br\/mesalte\/wp-json\/wp\/v2\/users\/1"}],"replies":[{"embeddable":true,"href":"https:\/\/blogs.correio24horas.com.br\/mesalte\/wp-json\/wp\/v2\/comments?post=4334"}],"version-history":[{"count":1,"href":"https:\/\/blogs.correio24horas.com.br\/mesalte\/wp-json\/wp\/v2\/posts\/4334\/revisions"}],"predecessor-version":[{"id":4336,"href":"https:\/\/blogs.correio24horas.com.br\/mesalte\/wp-json\/wp\/v2\/posts\/4334\/revisions\/4336"}],"wp:featuredmedia":[{"embeddable":true,"href":"https:\/\/blogs.correio24horas.com.br\/mesalte\/wp-json\/wp\/v2\/media\/2517"}],"wp:attachment":[{"href":"https:\/\/blogs.correio24horas.com.br\/mesalte\/wp-json\/wp\/v2\/media?parent=4334"}],"wp:term":[{"taxonomy":"category","embeddable":true,"href":"https:\/\/blogs.correio24horas.com.br\/mesalte\/wp-json\/wp\/v2\/categories?post=4334"},{"taxonomy":"post_tag","embeddable":true,"href":"https:\/\/blogs.correio24horas.com.br\/mesalte\/wp-json\/wp\/v2\/tags?post=4334"}],"curies":[{"name":"wp","href":"https:\/\/api.w.org\/{rel}","templated":true}]}}