{"id":4328,"date":"2016-06-06T11:14:19","date_gmt":"2016-06-06T14:14:19","guid":{"rendered":"http:\/\/www.correio24horas.com.br\/blogs\/mesalte\/?p=4328"},"modified":"2016-06-06T15:37:36","modified_gmt":"2016-06-06T18:37:36","slug":"casal-gay-tera-filho-gerado-pela-mae-de-um-deles","status":"publish","type":"post","link":"https:\/\/blogs.correio24horas.com.br\/mesalte\/casal-gay-tera-filho-gerado-pela-mae-de-um-deles\/","title":{"rendered":"Casal gay ter\u00e1 filho gerado pela m\u00e3e de um deles, no Rio de Janeiro"},"content":{"rendered":"<p>Essa semana, o casal Jefferson de Souza Cintra Albuquerque, 26 anos, brasileiro, e Julien Lamindin, 30 anos, franc\u00eas, ter\u00e1 um filho para cuidar. O\u00c2\u00a0beb\u00ea est\u00e1 sendo gerado pela m\u00e3e de Jefferson, Quit\u00e9ria de Souza Cintra Albuquerque, de 44 anos, que resolveu ceder a barriga para que o genro e o\u00c2\u00a0filho tivessem um beb\u00ea. As informa\u00e7\u00f5es foram publicadas pelo blog do jornalista Anselmo G\u00f3is, do jornal O Globo.<\/p>\n<p>O beb\u00ea se chamar\u00e1 Ezra.\u00c2\u00a0Jefferson e Julien, segundo a publica\u00e7\u00e3o, est\u00e3o casados desde o ano passado e se conheceram em 2012, na Fran\u00e7a, onde trabalham e vivem. &#8220;Quando o resultado dos exames da minha m\u00e3e comprovou que ela poderia gerar a crian\u00e7a, conversamos com o meu pai. Ele adorou a ideia de ter um\u00c2\u00a0neto. Meus dois irm\u00e3os e av\u00f3s est\u00e3o muito felizes, tamb\u00e9m. Depois, come\u00e7amos a procurar por uma doadora de \u00f3vulos aqui no Brasil. Tentamos dois\u00c2\u00a0embri\u00f5es, um com o s\u00eamen do Julien e o outro com o meu. S\u00f3 um deu certo, mas a gente n\u00e3o sabe de quem \u00e9. E n\u00e3o pretendemos saber. O filho \u00e9 nosso&#8221;, contou Jefferson \u00e0 \u00a0 reportagem de O Globo.<\/p>\n<p>Quit\u00e9ria tamb\u00e9m mora na Fran\u00e7a com o resto da fam\u00edlia e aceitou tudo com naturalidade. &#8220;Quem poderia amar mais um beb\u00ea do que os av\u00f3s? Eu tinha medo da prima se apegar ao nen\u00e9m e, depois, n\u00e3o querer entreg\u00e1-lo. Meu filho casou e estava \u00e0 \u00a0 procura de algu\u00e9m. Eu disse que carregaria o filho deles. Quando o Ezra nascer, vou trat\u00e1-lo como meu neto. A responsabilidade \u00e9 toda dos dois, que s\u00e3o pais da crian\u00e7a&#8221;, disse Quit\u00e9ria na entrevista.\u00c2\u00a0O procedimento que deu origem ao beb\u00ea foi a fertiliza\u00e7\u00e3o in vitro, que \u00e9 permitido no Brasil<\/p>\n","protected":false},"excerpt":{"rendered":"<p>Essa semana, o casal Jefferson de Souza Cintra Albuquerque, 26 anos, brasileiro, e Julien Lamindin, 30 anos, franc\u00eas, ter\u00e1 um filho para cuidar. O\u00c2\u00a0beb\u00ea est\u00e1 sendo [&hellip;]<\/p>\n","protected":false},"author":1,"featured_media":4329,"comment_status":"open","ping_status":"open","sticky":false,"template":"","format":"image","meta":{"footnotes":""},"categories":[80,9],"tags":[149,43],"class_list":["post-4328","post","type-post","status-publish","format-image","has-post-thumbnail","hentry","category-home","category-me-orgulho","tag-casalgay","tag-lgbt","post_format-post-format-image"],"_links":{"self":[{"href":"https:\/\/blogs.correio24horas.com.br\/mesalte\/wp-json\/wp\/v2\/posts\/4328","targetHints":{"allow":["GET"]}}],"collection":[{"href":"https:\/\/blogs.correio24horas.com.br\/mesalte\/wp-json\/wp\/v2\/posts"}],"about":[{"href":"https:\/\/blogs.correio24horas.com.br\/mesalte\/wp-json\/wp\/v2\/types\/post"}],"author":[{"embeddable":true,"href":"https:\/\/blogs.correio24horas.com.br\/mesalte\/wp-json\/wp\/v2\/users\/1"}],"replies":[{"embeddable":true,"href":"https:\/\/blogs.correio24horas.com.br\/mesalte\/wp-json\/wp\/v2\/comments?post=4328"}],"version-history":[{"count":2,"href":"https:\/\/blogs.correio24horas.com.br\/mesalte\/wp-json\/wp\/v2\/posts\/4328\/revisions"}],"predecessor-version":[{"id":4331,"href":"https:\/\/blogs.correio24horas.com.br\/mesalte\/wp-json\/wp\/v2\/posts\/4328\/revisions\/4331"}],"wp:featuredmedia":[{"embeddable":true,"href":"https:\/\/blogs.correio24horas.com.br\/mesalte\/wp-json\/wp\/v2\/media\/4329"}],"wp:attachment":[{"href":"https:\/\/blogs.correio24horas.com.br\/mesalte\/wp-json\/wp\/v2\/media?parent=4328"}],"wp:term":[{"taxonomy":"category","embeddable":true,"href":"https:\/\/blogs.correio24horas.com.br\/mesalte\/wp-json\/wp\/v2\/categories?post=4328"},{"taxonomy":"post_tag","embeddable":true,"href":"https:\/\/blogs.correio24horas.com.br\/mesalte\/wp-json\/wp\/v2\/tags?post=4328"}],"curies":[{"name":"wp","href":"https:\/\/api.w.org\/{rel}","templated":true}]}}