{"id":4001,"date":"2016-05-25T12:07:34","date_gmt":"2016-05-25T15:07:34","guid":{"rendered":"http:\/\/www.correio24horas.com.br\/blogs\/mesalte\/?p=4001"},"modified":"2016-05-25T12:07:34","modified_gmt":"2016-05-25T15:07:34","slug":"show-de-pabllo-vittar-em-salvador-e-adiado-para-o-dia-2-de-julho","status":"publish","type":"post","link":"https:\/\/blogs.correio24horas.com.br\/mesalte\/show-de-pabllo-vittar-em-salvador-e-adiado-para-o-dia-2-de-julho\/","title":{"rendered":"Show de  Pabllo Vittar em Salvador \u00e9 adiado para o dia 2 de julho"},"content":{"rendered":"<p>Os f\u00e3s da drag queen cantora Pabllo Vittar ter\u00e3o que esperar um pouco mais para ver a artista aqui em Salvador. O show dela na capital baiana, q<a href=\"http:\/\/www.correio24horas.com.br\/blogs\/mesalte\/exclusivo-pablo-vittar-fara-show-em-salvador-veja-quando-e-onde-sera\/\" target=\"_blank\">ue aconteceria agora em junho<\/a>, foi adiado para o dia 2 de julho. Segundo a produ\u00e7\u00e3o do evento, o local est\u00e1 mantido na Amsterdam Pop Club, no Largo dos Aflitos, e a mudan\u00e7a aconteceu em fun\u00e7\u00e3o da agenda da artista.<\/p>\n<p>A novidade \u00e9 que, por conta do adiamento, ser\u00e1 poss\u00edvel fazer o famoso\u00c2\u00a0 Meet &amp; Greet (onde f\u00e3s podem conhecer e tirar foto com a artista). Segundo a produ\u00e7\u00e3o,\u00c2\u00a0\u00c2\u00a0quem j\u00e1 comprou o ingresso, pode utilizar ele para o dia 02 de julho ou solicitar reembolso pelo &#8220;Fale com o Produtor&#8221; no <a href=\"http:\/\/www.sympla.com.br\" target=\"_blank\">Sympla<\/a>, plataforma que est\u00e1 vendendo os ingressos.<\/p>\n<p>&nbsp;<\/p>\n","protected":false},"excerpt":{"rendered":"<p>Os f\u00e3s da drag queen cantora Pabllo Vittar ter\u00e3o que esperar um pouco mais para ver a artista aqui em Salvador. O show dela na capital [&hellip;]<\/p>\n","protected":false},"author":1,"featured_media":3395,"comment_status":"open","ping_status":"open","sticky":false,"template":"","format":"standard","meta":{"footnotes":""},"categories":[28,80],"tags":[],"class_list":["post-4001","post","type-post","status-publish","format-standard","has-post-thumbnail","hentry","category-farofa-digital","category-home"],"_links":{"self":[{"href":"https:\/\/blogs.correio24horas.com.br\/mesalte\/wp-json\/wp\/v2\/posts\/4001","targetHints":{"allow":["GET"]}}],"collection":[{"href":"https:\/\/blogs.correio24horas.com.br\/mesalte\/wp-json\/wp\/v2\/posts"}],"about":[{"href":"https:\/\/blogs.correio24horas.com.br\/mesalte\/wp-json\/wp\/v2\/types\/post"}],"author":[{"embeddable":true,"href":"https:\/\/blogs.correio24horas.com.br\/mesalte\/wp-json\/wp\/v2\/users\/1"}],"replies":[{"embeddable":true,"href":"https:\/\/blogs.correio24horas.com.br\/mesalte\/wp-json\/wp\/v2\/comments?post=4001"}],"version-history":[{"count":1,"href":"https:\/\/blogs.correio24horas.com.br\/mesalte\/wp-json\/wp\/v2\/posts\/4001\/revisions"}],"predecessor-version":[{"id":4002,"href":"https:\/\/blogs.correio24horas.com.br\/mesalte\/wp-json\/wp\/v2\/posts\/4001\/revisions\/4002"}],"wp:featuredmedia":[{"embeddable":true,"href":"https:\/\/blogs.correio24horas.com.br\/mesalte\/wp-json\/wp\/v2\/media\/3395"}],"wp:attachment":[{"href":"https:\/\/blogs.correio24horas.com.br\/mesalte\/wp-json\/wp\/v2\/media?parent=4001"}],"wp:term":[{"taxonomy":"category","embeddable":true,"href":"https:\/\/blogs.correio24horas.com.br\/mesalte\/wp-json\/wp\/v2\/categories?post=4001"},{"taxonomy":"post_tag","embeddable":true,"href":"https:\/\/blogs.correio24horas.com.br\/mesalte\/wp-json\/wp\/v2\/tags?post=4001"}],"curies":[{"name":"wp","href":"https:\/\/api.w.org\/{rel}","templated":true}]}}