{"id":3992,"date":"2016-05-25T10:43:57","date_gmt":"2016-05-25T13:43:57","guid":{"rendered":"http:\/\/www.correio24horas.com.br\/blogs\/mesalte\/?p=3992"},"modified":"2016-05-25T10:43:57","modified_gmt":"2016-05-25T13:43:57","slug":"rihanna-lanca-linha-de-oculos-com-grife-francesa-que-custa-em-media-r-5-mil","status":"publish","type":"post","link":"https:\/\/blogs.correio24horas.com.br\/mesalte\/rihanna-lanca-linha-de-oculos-com-grife-francesa-que-custa-em-media-r-5-mil\/","title":{"rendered":"Rihanna lan\u00e7a linha de \u00f3culos com grife francesa que custa, em m\u00e9dia, R$ 5 mil"},"content":{"rendered":"<p>J\u00e1 pensou no look para o show da Rihanna\u00c2\u00a0<a href=\"http:\/\/www.correio24horas.com.br\/blogs\/mesalte\/rihanna-fara-show-em-salvador-dia-9-de-setembro-afirma-jornalista\/\" target=\"_blank\">que acontecer\u00e1 em Salvador dia 9 de setembro<\/a>? Eu sei que est\u00e1 longe ainda e falta um monte de informa\u00e7\u00f5es sobre o evento, mas a bonita j\u00e1 deu um close que pode dar dicas para quem quer lacrar na festa.\u00c2\u00a0Rihanna agora se juntou \u00e0 \u00a0 grife Dior para criar uma linha de \u00f3culos escuros.\u00c2\u00a0Os modelos t\u00eam estilo futurista e\u00c2\u00a0\u00c2\u00a0foram inspirados no personagem La Forge, da saga &#8220;Jornada nas estrelas&#8221;.\u00c2\u00a0As pe\u00e7as v\u00e3o custar a partir de R$ 5 mil e come\u00e7am a ser vendidas em breve no Brasil, segundo divulgou a marca. Ou seja, tem que botar muitas moedas no cofrinho.<\/p>\n<p>&#8220;Eu passei o dia com a equipe de eyewear da Dior. Eu comecei olhando todos os arquivos para ver o que j\u00e1 tinha sido feito no passado, depois tomei conhecimento de todos os novos materiais. Eu literalmente sentei l\u00e1 e desenhei, desenhei, at\u00e9 ficar feliz com o design. A gente pegou materiais e cores no mesmo dia, e depois disso foi quest\u00e3o de semanas para eu ver o primeiro prot\u00f3tipo&#8221;, disse Rihanna ao portal &#8220;WWD&#8221;.<\/p>\n","protected":false},"excerpt":{"rendered":"<p>J\u00e1 pensou no look para o show da Rihanna\u00c2\u00a0que acontecer\u00e1 em Salvador dia 9 de setembro? Eu sei que est\u00e1 longe ainda e falta um monte [&hellip;]<\/p>\n","protected":false},"author":1,"featured_media":3993,"comment_status":"open","ping_status":"open","sticky":false,"template":"","format":"standard","meta":{"footnotes":""},"categories":[28,80,26],"tags":[275,276],"class_list":["post-3992","post","type-post","status-publish","format-standard","has-post-thumbnail","hentry","category-farofa-digital","category-home","category-me-inspiro","tag-rihanna","tag-rihannadior"],"_links":{"self":[{"href":"https:\/\/blogs.correio24horas.com.br\/mesalte\/wp-json\/wp\/v2\/posts\/3992","targetHints":{"allow":["GET"]}}],"collection":[{"href":"https:\/\/blogs.correio24horas.com.br\/mesalte\/wp-json\/wp\/v2\/posts"}],"about":[{"href":"https:\/\/blogs.correio24horas.com.br\/mesalte\/wp-json\/wp\/v2\/types\/post"}],"author":[{"embeddable":true,"href":"https:\/\/blogs.correio24horas.com.br\/mesalte\/wp-json\/wp\/v2\/users\/1"}],"replies":[{"embeddable":true,"href":"https:\/\/blogs.correio24horas.com.br\/mesalte\/wp-json\/wp\/v2\/comments?post=3992"}],"version-history":[{"count":1,"href":"https:\/\/blogs.correio24horas.com.br\/mesalte\/wp-json\/wp\/v2\/posts\/3992\/revisions"}],"predecessor-version":[{"id":3994,"href":"https:\/\/blogs.correio24horas.com.br\/mesalte\/wp-json\/wp\/v2\/posts\/3992\/revisions\/3994"}],"wp:featuredmedia":[{"embeddable":true,"href":"https:\/\/blogs.correio24horas.com.br\/mesalte\/wp-json\/wp\/v2\/media\/3993"}],"wp:attachment":[{"href":"https:\/\/blogs.correio24horas.com.br\/mesalte\/wp-json\/wp\/v2\/media?parent=3992"}],"wp:term":[{"taxonomy":"category","embeddable":true,"href":"https:\/\/blogs.correio24horas.com.br\/mesalte\/wp-json\/wp\/v2\/categories?post=3992"},{"taxonomy":"post_tag","embeddable":true,"href":"https:\/\/blogs.correio24horas.com.br\/mesalte\/wp-json\/wp\/v2\/tags?post=3992"}],"curies":[{"name":"wp","href":"https:\/\/api.w.org\/{rel}","templated":true}]}}