{"id":3939,"date":"2016-05-21T13:22:56","date_gmt":"2016-05-21T16:22:56","guid":{"rendered":"http:\/\/www.correio24horas.com.br\/blogs\/mesalte\/?p=3939"},"modified":"2016-05-23T11:13:48","modified_gmt":"2016-05-23T14:13:48","slug":"seminario-discurte-a-formalizacao-do-trabalho-das-prostitutas-em-salvador","status":"publish","type":"post","link":"https:\/\/blogs.correio24horas.com.br\/mesalte\/seminario-discurte-a-formalizacao-do-trabalho-das-prostitutas-em-salvador\/","title":{"rendered":"Semin\u00e1rio discute a formaliza\u00e7\u00e3o do trabalho das prostitutas, em Salvador"},"content":{"rendered":"<p>Acontecer\u00e1, em Salvador, nessa segunda-feira (23) e ter\u00e7a (24), o semin\u00e1rio o Reconhecimento do V\u00ednculo Empregat\u00edcio para o Trabalho das Prostitutas\u009d. O evento promovido pelos alunos e coordenado pela professora Adriana Wyzykowski, da Faculdade Baiana de Direito, \u00e9 aberto ao p\u00fablico. A inscri\u00e7\u00e3o custa R$ 20 por dia.<\/p>\n<p>Ministrada pela professora Ros\u00e2ngela Rodrigues, a palestra receber\u00e1 representantes dos movimentos sociais em favor das mulheres e do trabalho das prostitutas. Na segunda (23), as convidadas para discutir o tema ser\u00e3o Keila Simpson , da Associa\u00e7\u00e3o Nacional de Travestis e Transexuais, e Karla Zhand da Associa\u00e7\u00e3o de Travestis, Transexuais da Bahia. Na ter\u00e7a (24), as representantes ser\u00e3o Sandra Mun\u00f5z da Rede Feminista de Sa\u00fade e Let\u00edcia Cabral, graduanda da da Faculdade baiana de Direito.<\/p>\n<p>O encontro busca discutir os direitos trabalhistas das prostitutas, como a obriga\u00e7\u00e3o do pagamento de todas as verbas trabalhistas previstas na legisla\u00e7\u00e3o, como d\u00e9cimo terceiro,sal\u00e1rio, f\u00e9rias acrescidas de um ter\u00e7o, horas extraordin\u00e1rias, adicional noturno,fundo de garantia por tempo de servi\u00e7o, dentre outros. No semin\u00e1rio, acontecer\u00e1 o lan\u00e7amento do livro que leva o mesmo nome da palestra, escrito pela professora Ros\u00e2ngela Rodrigues.<\/p>\n","protected":false},"excerpt":{"rendered":"<p>Acontecer\u00e1, em Salvador, nessa segunda-feira (23) e ter\u00e7a (24), o semin\u00e1rio o Reconhecimento do V\u00ednculo Empregat\u00edcio para o Trabalho das Prostitutas\u009d. O evento promovido pelos alunos [&hellip;]<\/p>\n","protected":false},"author":1,"featured_media":3940,"comment_status":"open","ping_status":"open","sticky":false,"template":"","format":"standard","meta":{"footnotes":""},"categories":[80,11],"tags":[264],"class_list":["post-3939","post","type-post","status-publish","format-standard","has-post-thumbnail","hentry","category-home","category-me-informo","tag-prostitutasemsalvador"],"_links":{"self":[{"href":"https:\/\/blogs.correio24horas.com.br\/mesalte\/wp-json\/wp\/v2\/posts\/3939","targetHints":{"allow":["GET"]}}],"collection":[{"href":"https:\/\/blogs.correio24horas.com.br\/mesalte\/wp-json\/wp\/v2\/posts"}],"about":[{"href":"https:\/\/blogs.correio24horas.com.br\/mesalte\/wp-json\/wp\/v2\/types\/post"}],"author":[{"embeddable":true,"href":"https:\/\/blogs.correio24horas.com.br\/mesalte\/wp-json\/wp\/v2\/users\/1"}],"replies":[{"embeddable":true,"href":"https:\/\/blogs.correio24horas.com.br\/mesalte\/wp-json\/wp\/v2\/comments?post=3939"}],"version-history":[{"count":2,"href":"https:\/\/blogs.correio24horas.com.br\/mesalte\/wp-json\/wp\/v2\/posts\/3939\/revisions"}],"predecessor-version":[{"id":3946,"href":"https:\/\/blogs.correio24horas.com.br\/mesalte\/wp-json\/wp\/v2\/posts\/3939\/revisions\/3946"}],"wp:featuredmedia":[{"embeddable":true,"href":"https:\/\/blogs.correio24horas.com.br\/mesalte\/wp-json\/wp\/v2\/media\/3940"}],"wp:attachment":[{"href":"https:\/\/blogs.correio24horas.com.br\/mesalte\/wp-json\/wp\/v2\/media?parent=3939"}],"wp:term":[{"taxonomy":"category","embeddable":true,"href":"https:\/\/blogs.correio24horas.com.br\/mesalte\/wp-json\/wp\/v2\/categories?post=3939"},{"taxonomy":"post_tag","embeddable":true,"href":"https:\/\/blogs.correio24horas.com.br\/mesalte\/wp-json\/wp\/v2\/tags?post=3939"}],"curies":[{"name":"wp","href":"https:\/\/api.w.org\/{rel}","templated":true}]}}