{"id":3931,"date":"2016-05-20T12:56:27","date_gmt":"2016-05-20T15:56:27","guid":{"rendered":"http:\/\/www.correio24horas.com.br\/blogs\/mesalte\/?p=3931"},"modified":"2016-05-24T08:45:09","modified_gmt":"2016-05-24T11:45:09","slug":"mais-amor-por-favor-em-setembro-salvador-tera-primeira-mulher-transexual-como-psicologa","status":"publish","type":"post","link":"https:\/\/blogs.correio24horas.com.br\/mesalte\/mais-amor-por-favor-em-setembro-salvador-tera-primeira-mulher-transexual-como-psicologa\/","title":{"rendered":"[Mais amor, por favor!] Em setembro, Salvador ter\u00e1 primeira mulher transexual como psic\u00f3loga"},"content":{"rendered":"<p><img loading=\"lazy\" decoding=\"async\" class=\"aligncenter size-full wp-image-3869\" src=\"http:\/\/www.correio24horas.com.br\/blogs\/mesalte\/wp-content\/uploads\/2016\/05\/Mais-amor-por-favor.jpg\" alt=\"Mais amor, por favor\" width=\"916\" height=\"200\" srcset=\"https:\/\/blogs.correio24h.com.br\/mesalte\/wp-content\/uploads\/2016\/05\/Mais-amor-por-favor.jpg 916w, https:\/\/blogs.correio24h.com.br\/mesalte\/wp-content\/uploads\/2016\/05\/Mais-amor-por-favor-300x66.jpg 300w, https:\/\/blogs.correio24h.com.br\/mesalte\/wp-content\/uploads\/2016\/05\/Mais-amor-por-favor-768x168.jpg 768w, https:\/\/blogs.correio24h.com.br\/mesalte\/wp-content\/uploads\/2016\/05\/Mais-amor-por-favor-260x57.jpg 260w, https:\/\/blogs.correio24h.com.br\/mesalte\/wp-content\/uploads\/2016\/05\/Mais-amor-por-favor-50x11.jpg 50w, https:\/\/blogs.correio24h.com.br\/mesalte\/wp-content\/uploads\/2016\/05\/Mais-amor-por-favor-150x33.jpg 150w\" sizes=\"auto, (max-width: 916px) 100vw, 916px\" \/><\/p>\n<p>Com o perd\u00e3o do clich\u00ea, a hist\u00f3ria de Ariane Senna, mulher trans de 24 anos, rende um filme cl\u00e1ssico de hist\u00f3rias de supera\u00e7\u00e3o. Moradora do bairro de Pernambu\u00e9s, em Salvador, j\u00e1 passou por explora\u00e7\u00f5es na rua, abandonos familiares e at\u00e9 mesmo teve que se prostituir para sobreviver. Hoje, pelo ativismo social e de g\u00eanero aliado \u00e0 \u00a0 for\u00e7a de vontade para estudar, est\u00e1 concluindo o curso de Psicologia e, em setembro, ser\u00e1 a primeira mulher trans de Salvador a se formar psic\u00f3loga.<\/p>\n<p>O sofrimento na vida de Ariane come\u00e7ou mesmo antes dela nascer. Sua m\u00e3e foi v\u00edtima de viol\u00eancia f\u00edsica do marido quando estava gr\u00e1vida dela. A m\u00e3e de Ariane teve que, mesmo gr\u00e1vida, viver nas ruas. A hist\u00f3ria traz tristeza e sofrimento para a jovem que atualmente \u00e9 coordenadora da Associa\u00e7\u00e3o de Travestis e Transexuais em a\u00e7\u00e3o (ATRa\u00e7\u00e3o) e conselheira de \u00e9tica da Associa\u00e7\u00e3o Nacional de Travestis e Transexuais (ANTRA).<\/p>\n<div id=\"attachment_3932\" style=\"width: 946px\" class=\"wp-caption aligncenter\"><img loading=\"lazy\" decoding=\"async\" aria-describedby=\"caption-attachment-3932\" class=\"size-full wp-image-3932\" src=\"http:\/\/www.correio24horas.com.br\/blogs\/mesalte\/wp-content\/uploads\/2016\/05\/13267939_1617756805217564_175553202394809820_n.jpg\" alt=\"Ariane Sena \u00e9 moradora de Pernambu\u00e9s Foto: Sergio Figueiredo\" width=\"936\" height=\"936\" srcset=\"https:\/\/blogs.correio24h.com.br\/mesalte\/wp-content\/uploads\/2016\/05\/13267939_1617756805217564_175553202394809820_n.jpg 936w, https:\/\/blogs.correio24h.com.br\/mesalte\/wp-content\/uploads\/2016\/05\/13267939_1617756805217564_175553202394809820_n-150x150.jpg 150w, https:\/\/blogs.correio24h.com.br\/mesalte\/wp-content\/uploads\/2016\/05\/13267939_1617756805217564_175553202394809820_n-300x300.jpg 300w, https:\/\/blogs.correio24h.com.br\/mesalte\/wp-content\/uploads\/2016\/05\/13267939_1617756805217564_175553202394809820_n-768x768.jpg 768w, https:\/\/blogs.correio24h.com.br\/mesalte\/wp-content\/uploads\/2016\/05\/13267939_1617756805217564_175553202394809820_n-146x146.jpg 146w, https:\/\/blogs.correio24h.com.br\/mesalte\/wp-content\/uploads\/2016\/05\/13267939_1617756805217564_175553202394809820_n-50x50.jpg 50w, https:\/\/blogs.correio24h.com.br\/mesalte\/wp-content\/uploads\/2016\/05\/13267939_1617756805217564_175553202394809820_n-80x80.jpg 80w, https:\/\/blogs.correio24h.com.br\/mesalte\/wp-content\/uploads\/2016\/05\/13267939_1617756805217564_175553202394809820_n-75x75.jpg 75w, https:\/\/blogs.correio24h.com.br\/mesalte\/wp-content\/uploads\/2016\/05\/13267939_1617756805217564_175553202394809820_n-85x85.jpg 85w\" sizes=\"auto, (max-width: 936px) 100vw, 936px\" \/><p id=\"caption-attachment-3932\" class=\"wp-caption-text\">Ariane Sena \u00e9 moradora de Pernambu\u00e9s<br \/>Foto: Sergio Figueiredo<\/p><\/div>\n<p>Hoje me sinto bem melhor pois sinto que consegui superar, antes quando apenas pensava nisso chorava. \u00c9 triste saber que a pessoa vem ao mundo de forma indesejada, e chegar ao mundo sem um lar e uma fam\u00edlia foi algo mais embara\u00e7oso que p\u00f4de me acontecer, mas, hoje entendo que a minha m\u00e3e vale por dois, apesar de meu pai ter me registrado, ela \u00e9 o meu pai e minha m\u00e3e\u009d, conta.<\/p>\n<p>Entre idas e vindas, Ariane conviveu parte da sua inf\u00e2ncia e adolesc\u00eancia com os av\u00f3s onde tinha embates pesados em fun\u00e7\u00e3o da sua orienta\u00e7\u00e3o sexual e identidade de g\u00eanero enquanto transexual. \u00c2\u00a0Durante a inf\u00e2ncia tamb\u00e9m n\u00e3o foi nada f\u00e1cil, nem sei caracterizar se foi pior ou melhor pois at\u00e9 os 5 anos de idade vivi morando de favor e em outros per\u00edodos com bab\u00e1s quando minha m\u00e3e ia vender salgados na praia para me sustentar. Ao completar os 5 anos, eu fiquei com desnutri\u00e7\u00e3o em que o quadro caracterizava estado de vida ou morte e os meus av\u00f3s maternos com pena da situa\u00e7\u00e3o resolveram me aceitar. Mas, l\u00e1 encontravam v\u00e1rias barreiras tamb\u00e9m pois tinha que me adequar a um novo espa\u00e7o que j\u00e1 havia um outro filho de minha m\u00e3e (irm\u00e3o materno) que havia sido aceito por todos e tudo que chegava a fam\u00edlia para crian\u00e7as era para ele pois embora minha v\u00f3 educasse a todos que tudo deveria ser repartido, ele ficava sempre com tudo e a mim s\u00f3 restava os restos, agress\u00f5es f\u00edsicas e castigos quando ainda lutava e chorava para ter tamb\u00e9m para mim as coisas\u009d, lamenta.<\/p>\n<p>Ariane ressalta que ser uma pessoa transexual provoca preconceitos ainda maiores.  Hoje a fam\u00edlia foi crescendo, os meus tios foram se casando e foram aparecendo v\u00e1rios homossexuais que para eles parece ser mais f\u00e1cil de aceitar pois todos eles convivem com eles e convidam para festas e tudo mais mas, quando se trata de transexuais o assunto \u00e9 mais repugnante, come\u00e7a a aparecer os dogmas religiosos de um, os pensamentos estigmatizantes de outros e a resist\u00eancia de todos em ao menos me convidar para uma &#8220;ceia de natal&#8221; o que caracteriza a principal reuni\u00e3o de fam\u00edlia durante todos os anos l\u00e1 em casa\u009d, comenta.<\/p>\n<p>\u00c0 medida que foi crescendo e a feminilidade foi ficando mais evidente, atrav\u00e9s do comportamento e usos de roupas a adere\u00e7os , Ariane relembra que houve grande resist\u00eancia e agress\u00f5es pelos parentes o que a levou para as ruas e tendo que se prostituir. Fui expulsa v\u00e1rias vezes de casa e em tempos em tempos tinha que morar na rua recorrendo a prostitui\u00e7\u00e3o para me manter. At\u00e9 que chegou os 18 anos em que sofri a \u00faltima agress\u00e3o do meu irm\u00e3o. J\u00e1 n\u00e3o aguentava mais tanto apanhar dar queixa em delegacia e n\u00e3o dar em nada, que sai e n\u00e3o voltei mais. Hoje, meus av\u00f3s morreram e esse irm\u00e3o n\u00e3o aceita mais que eu retorne e conviver nesta casa\u00c2\u00a0 &#8211; \u00c2\u00a0herdada dos meus av\u00f3s -\u00c2\u00a0 e a fam\u00edlia inteira n\u00e3o est\u00e1 nem a\u00ed para isso, o que na verdade me deixou e deixa vulner\u00e1vel a v\u00e1rios tipos de viol\u00eancia at\u00e9 hoje\u009d, destaca Ariane.<\/p>\n<p><strong>Nas ruas<br \/>\n<\/strong>Na sobreviv\u00eancia nas ruas, Ariane relata que ser uma mulher trans aumentava as vulnerabilidades. A minha sorte e meu maior tesouro \u00e9 a minha m\u00e3e que sempre esteve do meu lado e quando saia de casa ela saia para conviver comigo pois sempre fomos mais apegadas do que a rea\u00e7\u00e3o dela com o outro irm\u00e3o. Assim, ia me prostituir a noite, retornava pela manh\u00e3 para casa e a tarde ia continuar os meus estudos (na \u00e9poca ensino m\u00e9dio)\u009d, diz.<\/p>\n<p>Na prostitui\u00e7\u00e3o, ela tamb\u00e9m n\u00e3o encontrava nenhum ambiente acolhedor ou compens\u00e1vel, o que lhe estimulou a virar o jogo da sua vida mesmo tendo que se submeter\u00c2\u00a0 a se vestir com roupas ditas masculinas para ser aceita no mercado de trabalho. Eu passava por estupros, atropelamentos, agress\u00f5es f\u00edsicas e verbais de clientes e de outras travestis por competitividade do espa\u00e7o da rua. Ent\u00e3o, logo comecei a procurar empregos no mercado de trabalho formal onde partia para mais um caminho de frustra\u00e7\u00e3o pois quando percebiam que eu n\u00e3o era nem o homem e nem a mulher que eles esperam para determinada vaga, mandavam eu retornar para casa e aguardar liga\u00e7\u00e3o de retorno para pr\u00f3ximas etapas, liga\u00e7\u00f5es essas que jamais recebia. Percebendo isso, passei a comparecer as entrevistas vestida de homem e come\u00e7ava a ser contratada e ter as minhas primeiras e t\u00e3o sonhadas experi\u00eancias de carteira assinada mas isso nunca durava por muito tempo pois n\u00e3o aguentava me esconder nas vestes masculinas por muito tempo\u009d, relembra-se.<\/p>\n<p><strong>Preconceitos<br \/>\n<\/strong>Ariane carrega sua trajet\u00f3ria de vida muitos preconceitos em fun\u00e7\u00e3o da sua identidade de g\u00eanero. \u00c2\u00a0Dentro da escola lembro que fui agredida por 3 meninos que me prenderam dentro da cabine do banheiro masculino e diziam : voc\u00ea n\u00e3o quer ser mulherzinha ent\u00e3o tome\u009d. Fui agredida com a tampa da privada e socos. Dentro da faculdade, o meu caminho era ouvidoria onde ia registrar as ocorr\u00eancias das agress\u00f5es que faziam contra mim como jogar bolinhas de pap\u00e9is quando passava pelo corredor acompanhadas de piadinhas, abaixo assinado por mulheres para que eu n\u00e3o pudesse utilizar o banheiro feminino e na pr\u00f3pria sala de aula convivendo com os colegas estudantes de psicologia onde sou e era exclu\u00edda de v\u00e1rias atividades e espa\u00e7os sem ter motivos\u009d.<\/p>\n<div id=\"attachment_3512\" style=\"width: 693px\" class=\"wp-caption aligncenter\"><img loading=\"lazy\" decoding=\"async\" aria-describedby=\"caption-attachment-3512\" class=\"size-large wp-image-3512\" src=\"http:\/\/www.correio24horas.com.br\/blogs\/mesalte\/wp-content\/uploads\/2016\/05\/Foto_Sergio-Figueiredo_Divulgacao-2-683x1024.jpg\" alt=\"Ariane e Anderson est\u00e3o juntos h\u00e1 sete anos Foto: S\u00e9rgio Figueiredo\" width=\"683\" height=\"1024\" srcset=\"https:\/\/blogs.correio24h.com.br\/mesalte\/wp-content\/uploads\/2016\/05\/Foto_Sergio-Figueiredo_Divulgacao-2-683x1024.jpg 683w, https:\/\/blogs.correio24h.com.br\/mesalte\/wp-content\/uploads\/2016\/05\/Foto_Sergio-Figueiredo_Divulgacao-2-200x300.jpg 200w, https:\/\/blogs.correio24h.com.br\/mesalte\/wp-content\/uploads\/2016\/05\/Foto_Sergio-Figueiredo_Divulgacao-2-768x1152.jpg 768w, https:\/\/blogs.correio24h.com.br\/mesalte\/wp-content\/uploads\/2016\/05\/Foto_Sergio-Figueiredo_Divulgacao-2-97x146.jpg 97w, https:\/\/blogs.correio24h.com.br\/mesalte\/wp-content\/uploads\/2016\/05\/Foto_Sergio-Figueiredo_Divulgacao-2-33x50.jpg 33w, https:\/\/blogs.correio24h.com.br\/mesalte\/wp-content\/uploads\/2016\/05\/Foto_Sergio-Figueiredo_Divulgacao-2-50x75.jpg 50w, https:\/\/blogs.correio24h.com.br\/mesalte\/wp-content\/uploads\/2016\/05\/Foto_Sergio-Figueiredo_Divulgacao-2.jpg 1365w\" sizes=\"auto, (max-width: 683px) 100vw, 683px\" \/><p id=\"caption-attachment-3512\" class=\"wp-caption-text\">Ariane e Anderson est\u00e3o juntos h\u00e1 sete anos<br \/>Foto: S\u00e9rgio Figueiredo<\/p><\/div>\n<p>Ariane, que se formar\u00e1 pela Uni\u00e3o Metropolitana de Educa\u00e7\u00e3o e Cultura (Unime), \u00e9 casada h\u00e1 7 anos com o preparador f\u00edsico Anderson Barbosa. Estamos juntos durante todo esse tempo mas viver em relacionamento tamb\u00e9m n\u00e3o \u00e9 nada f\u00e1cil, principalmente quando se trata de um relacionamento com uma mulher trans. Somos muito assediados quando estamos juntos, ouvimos muitas piadinhas inclusive agress\u00f5es f\u00edsicas mesmo estando juntos. Sentimos muito com o preconceito, a inveja, e a resist\u00eancia de uma sociedade que nos desmoraliza muito enquanto casal\u009d, explica Ariane que, esse ano, ao lado de marido e de outro casal formado por outra mulher trans v\u00e3o estrelar a campanha da Parada LGBT da Bahia.<\/p>\n<p><strong>Futuro<br \/>\n<\/strong>Essa semana, Ariene fez as fotos do convite da sua formatura, que acontecer\u00e1 em setembro. J\u00e1 h\u00e1 outras trans psic\u00f3logas no Brasil, \u00c2\u00a0mas serei a primeira de Salvador. Isso me d\u00e1 esperan\u00e7as de que \u00e9 poss\u00edvel vencer os meus obst\u00e1culos ainda quando as coisas parecem imposs\u00edveis. Os meus objetivos e sonhos agora s\u00e3o ter uma estabilidade financeira com a minha profiss\u00e3o para que eu n\u00e3o precise recorrer mais a prostitui\u00e7\u00e3o para me manter, ter a minha casa pr\u00f3pria, ter filhos e dentro da psicologia clinicar, me aperfei\u00e7oar ainda mais com especializa\u00e7\u00f5es e outros t\u00edtulos para ajudar as travestis e transexuais\u009d, planeja Ariane que quer fazer mestrado para ser professora e ajudar a combater os preconceitos.\u00c2\u00a0O preconceito \u00e9 a fata de informa\u00e7\u00e3o. Precisamos de educa\u00e7\u00e3o. \u00c9 ela que pode salvar a humanidade\u009d, acredita.<\/p>\n<p>&nbsp;<\/p>\n<div class=\"section the_content has_content\">\n<div class=\"section_wrapper\">\n<div class=\"the_content_wrapper\">\n<p><em><strong>Leia mais reportagens da s\u00e9rie Mais Amor, Por Favor<br \/>\n<\/strong><\/em><\/p>\n<div class=\"section the_content has_content\">\n<div class=\"section_wrapper\">\n<div class=\"the_content_wrapper\">\n<p><strong><a href=\"http:\/\/www.correio24horas.com.br\/blogs\/mesalte\/mais-amor-por-favor-116-mortes-de-pessoas-lgbt-ja-foram-registradas-no-brasil-em-2016\/#sthash.nYGVHJ0H.dpuf\" target=\"_blank\">116 mortes de pessoas LGBT j\u00e1 foram registradas no Brasil em 2016<br \/>\n<\/a><\/strong><a href=\"http:\/\/www.correio24horas.com.br\/blogs\/mesalte\/mais-amor-por-favor-estudante-de-direito-luta-contra-o-preconceito-atuando-como-primeira-drag-king-de-salvador\/#sthash.5NKLH85e.dpuf\" target=\"_blank\">\u00c2\u00a0Estudante de Direito luta contra o preconceito atuando como primeira drag king de Salvador<br \/>\nAs Bahias e a Cozinha Mineira: a voz das transexuais contra o preconceito<br \/>\nPaulett Furac\u00e3o: a for\u00e7a da milit\u00e2ncia trans feminina no Nordeste de Amaralina<br \/>\n<\/a><\/p>\n<\/div>\n<\/div>\n<\/div>\n<\/div>\n<\/div>\n<\/div>\n","protected":false},"excerpt":{"rendered":"<p>Com o perd\u00e3o do clich\u00ea, a hist\u00f3ria de Ariane Senna, mulher trans de 24 anos, rende um filme cl\u00e1ssico de hist\u00f3rias de supera\u00e7\u00e3o. Moradora do bairro [&hellip;]<\/p>\n","protected":false},"author":1,"featured_media":0,"comment_status":"open","ping_status":"open","sticky":false,"template":"","format":"standard","meta":{"footnotes":""},"categories":[80,9],"tags":[252,120],"class_list":["post-3931","post","type-post","status-publish","format-standard","hentry","category-home","category-me-orgulho","tag-maisamorporfavor","tag-transexual"],"_links":{"self":[{"href":"https:\/\/blogs.correio24horas.com.br\/mesalte\/wp-json\/wp\/v2\/posts\/3931","targetHints":{"allow":["GET"]}}],"collection":[{"href":"https:\/\/blogs.correio24horas.com.br\/mesalte\/wp-json\/wp\/v2\/posts"}],"about":[{"href":"https:\/\/blogs.correio24horas.com.br\/mesalte\/wp-json\/wp\/v2\/types\/post"}],"author":[{"embeddable":true,"href":"https:\/\/blogs.correio24horas.com.br\/mesalte\/wp-json\/wp\/v2\/users\/1"}],"replies":[{"embeddable":true,"href":"https:\/\/blogs.correio24horas.com.br\/mesalte\/wp-json\/wp\/v2\/comments?post=3931"}],"version-history":[{"count":1,"href":"https:\/\/blogs.correio24horas.com.br\/mesalte\/wp-json\/wp\/v2\/posts\/3931\/revisions"}],"predecessor-version":[{"id":3938,"href":"https:\/\/blogs.correio24horas.com.br\/mesalte\/wp-json\/wp\/v2\/posts\/3931\/revisions\/3938"}],"wp:attachment":[{"href":"https:\/\/blogs.correio24horas.com.br\/mesalte\/wp-json\/wp\/v2\/media?parent=3931"}],"wp:term":[{"taxonomy":"category","embeddable":true,"href":"https:\/\/blogs.correio24horas.com.br\/mesalte\/wp-json\/wp\/v2\/categories?post=3931"},{"taxonomy":"post_tag","embeddable":true,"href":"https:\/\/blogs.correio24horas.com.br\/mesalte\/wp-json\/wp\/v2\/tags?post=3931"}],"curies":[{"name":"wp","href":"https:\/\/api.w.org\/{rel}","templated":true}]}}