{"id":3916,"date":"2016-05-20T12:00:29","date_gmt":"2016-05-20T15:00:29","guid":{"rendered":"http:\/\/www.correio24horas.com.br\/blogs\/mesalte\/?p=3916"},"modified":"2016-05-20T16:09:42","modified_gmt":"2016-05-20T19:09:42","slug":"cantora-evangelica-ana-paula-valadao-propoe-boicote-a-ca-por-colecao-de-roupas-sem-genero","status":"publish","type":"post","link":"https:\/\/blogs.correio24horas.com.br\/mesalte\/cantora-evangelica-ana-paula-valadao-propoe-boicote-a-ca-por-colecao-de-roupas-sem-genero\/","title":{"rendered":"Cantora evang\u00e9lica Ana Paula Valad\u00e3o prop\u00f5e boicote \u00e0 \u00a0 C&#038;A por cole\u00e7\u00e3o de roupas sem g\u00eanero"},"content":{"rendered":"<p>L\u00edder e fundadora da banda religiosa Diante do Trono, a cantora evang\u00e9lica Ana Paula Valad\u00e3o deu um show de preconceito e homofobia hoje pelas suas redes sociais, onde tem mais de 1 milh\u00e3o de seguidores. Ela, que tamb\u00e9m \u00e9 escritora e pastora, prop\u00f4s um boicote \u00e0 \u00a0 loja de departamentos C&amp;A, que recentemente lan\u00e7ou uma cole\u00e7\u00e3o de roupas sem g\u00eanero definido. &#8220;N\u00f3s que conhecemos a Verdade imut\u00e1vel da Palavra de Deus n\u00e3o podemos ficar calados. Temos que #boicotar essa loja e mostrar nosso rep\u00fadio. Nos EUA a loja Target j\u00e1 teve preju\u00edzo porque mais de 1 milh\u00e3o de pessoas pararam de comprar (inclusive eu) desde que determinou que os banheiros feminino e masculino podem ser usados por quaisquer pessoas que se sintam homem ou mulher naquele dia, aumentando os riscos de abusos (que j\u00e1 aconteceram em outros lugares que apoiam a ideologia de g\u00eanero)&#8221;, argumenta.<\/p>\n<p>Em outro trecho ela diz que est\u00e1 manifestando sua &#8216;Santa Indigna\u00e7\u00e3o&#8217; com o assunto. &#8220;Est\u00e3o provocando para ver at\u00e9 onde a sociedade aceita passivamente a imposi\u00e7\u00e3o da ideologia de g\u00eanero&#8221;, diz. Veja abaixo o post da cantora:<\/p>\n<p><img loading=\"lazy\" decoding=\"async\" class=\"aligncenter size-large wp-image-3918\" src=\"http:\/\/www.correio24horas.com.br\/blogs\/mesalte\/wp-content\/uploads\/2016\/05\/Ana-Paula-Valad\u00e3o-propo\u00f5e-boicote-\u00c3\u00a0-CA-1024x643.jpg\" alt=\"Ana Paula Valad\u00e3o propo\u00f5e boicote \u00e0 \u00a0 C&amp;A\" width=\"1024\" height=\"643\" \/><\/p>\n<p>&nbsp;<\/p>\n<p>Em nota enviada ao Me Salte, a C&amp;A informou que o objetivo da campanha \u00e9 respeitar a diversidade, inclusive, destacou que a campanha do dia dos namorados da empresa tamb\u00e9m ter\u00e1 esse conceito. &#8220;A nova campanha da C&amp;A Dia dos Misturados\u009d tem como tema principal a celebra\u00e7\u00e3o do amor e d\u00e1 continuidade \u00e0 \u00a0 nova vis\u00e3o da C&amp;A sobre a Moda, lan\u00e7ada em mar\u00e7o com a campanha Misture, ouse e divirta-se. Livre de todo e qualquer tipo de preconceito e estere\u00f3tipo, o novo filme, que celebra o Dia dos Namorados, faz um novo convite \u00e0 \u00a0 mistura de atitudes, cores e estampas como forma de express\u00e3o. A C&amp;A refor\u00e7a que o respeito \u00e0 \u00a0 diversidade, inclusive de opini\u00f5es, sempre foi um dos princ\u00edpios da marca&#8221;, escreveu a C&amp;A, em nota.<\/p>\n<p>Veja a campanha da C&amp;A a que Ana Paula se refere:<\/p>\n<p><iframe loading=\"lazy\" src=\"https:\/\/www.youtube.com\/embed\/44QjXsZtozg\" width=\"560\" height=\"315\" frameborder=\"0\" allowfullscreen=\"allowfullscreen\"><\/iframe><\/p>\n<p>Recentemente, o canal Tipo Assim, no Youtube, fez um v\u00eddeo criticando a ades\u00e3o de Ana Paula \u00e0 \u00a0 campanha criada pela esposa do pastor Silas Malafaia para que as mulheres\u00c2\u00a0evang\u00e9licas\u00c2\u00a0felizes postassem fotos nas redes sociais lavando lou\u00e7a. Veja:<br \/>\n<iframe loading=\"lazy\" src=\"https:\/\/www.youtube.com\/embed\/Q3sUP4QjzPk\" width=\"560\" height=\"315\" frameborder=\"0\" allowfullscreen=\"allowfullscreen\"><\/iframe><\/p>\n<p>Not\u00edcia atualizada \u00e0 \u00a0s 16h11 de 20\/05<\/p>\n","protected":false},"excerpt":{"rendered":"<p>L\u00edder e fundadora da banda religiosa Diante do Trono, a cantora evang\u00e9lica Ana Paula Valad\u00e3o deu um show de preconceito e homofobia hoje pelas suas redes [&hellip;]<\/p>\n","protected":false},"author":1,"featured_media":3919,"comment_status":"open","ping_status":"open","sticky":false,"template":"","format":"standard","meta":{"footnotes":""},"categories":[80,11],"tags":[263],"class_list":["post-3916","post","type-post","status-publish","format-standard","has-post-thumbnail","hentry","category-home","category-me-informo","tag-anapaulavaladao"],"_links":{"self":[{"href":"https:\/\/blogs.correio24horas.com.br\/mesalte\/wp-json\/wp\/v2\/posts\/3916","targetHints":{"allow":["GET"]}}],"collection":[{"href":"https:\/\/blogs.correio24horas.com.br\/mesalte\/wp-json\/wp\/v2\/posts"}],"about":[{"href":"https:\/\/blogs.correio24horas.com.br\/mesalte\/wp-json\/wp\/v2\/types\/post"}],"author":[{"embeddable":true,"href":"https:\/\/blogs.correio24horas.com.br\/mesalte\/wp-json\/wp\/v2\/users\/1"}],"replies":[{"embeddable":true,"href":"https:\/\/blogs.correio24horas.com.br\/mesalte\/wp-json\/wp\/v2\/comments?post=3916"}],"version-history":[{"count":4,"href":"https:\/\/blogs.correio24horas.com.br\/mesalte\/wp-json\/wp\/v2\/posts\/3916\/revisions"}],"predecessor-version":[{"id":3927,"href":"https:\/\/blogs.correio24horas.com.br\/mesalte\/wp-json\/wp\/v2\/posts\/3916\/revisions\/3927"}],"wp:featuredmedia":[{"embeddable":true,"href":"https:\/\/blogs.correio24horas.com.br\/mesalte\/wp-json\/wp\/v2\/media\/3919"}],"wp:attachment":[{"href":"https:\/\/blogs.correio24horas.com.br\/mesalte\/wp-json\/wp\/v2\/media?parent=3916"}],"wp:term":[{"taxonomy":"category","embeddable":true,"href":"https:\/\/blogs.correio24horas.com.br\/mesalte\/wp-json\/wp\/v2\/categories?post=3916"},{"taxonomy":"post_tag","embeddable":true,"href":"https:\/\/blogs.correio24horas.com.br\/mesalte\/wp-json\/wp\/v2\/tags?post=3916"}],"curies":[{"name":"wp","href":"https:\/\/api.w.org\/{rel}","templated":true}]}}