{"id":3899,"date":"2016-05-19T13:13:15","date_gmt":"2016-05-19T16:13:15","guid":{"rendered":"http:\/\/www.correio24horas.com.br\/blogs\/mesalte\/?p=3899"},"modified":"2016-05-19T13:19:44","modified_gmt":"2016-05-19T16:19:44","slug":"chocante-68-das-pessoas-dizem-que-ficariam-incomodados-se-tivessem-um-filho-gay-ou-uma-filha-lesbica","status":"publish","type":"post","link":"https:\/\/blogs.correio24horas.com.br\/mesalte\/chocante-68-das-pessoas-dizem-que-ficariam-incomodados-se-tivessem-um-filho-gay-ou-uma-filha-lesbica\/","title":{"rendered":"68% das pessoas dizem que ficariam incomodados com filhos gay"},"content":{"rendered":"<p>Quando falamos de luta contra o preconceito sabemos que ainda \u00e9 uma longa estrada a se percorrer. Uma pesquisa global sobre as atitudes da popula\u00e7\u00e3o em geral com rela\u00e7\u00e3o \u00e0 \u00a0 comunidade LGBT foi divulgada no dia Dia Internacional contra a Homofobia, Transfobia e Bifobia, na \u00faltima ter\u00e7a-feira (17), mostra que 68% dos mais de 96 mil entrevistados disseram que ficariam incomodados se tivessem um filho gay ou uma filha l\u00e9sbica. Al\u00e9m disso, 25% afirmavam que ser homossexual deveria ser considerado crime.<br \/>\nA pesquisa \u00e9 um trabalho da Associa\u00e7\u00e3o Internacional de L\u00e9sbicas, Gays, Bissexuais, Trans e Intersexo (Ilga, na sigla em ingl\u00eas). A organiza\u00e7\u00e3o afirma que este \u00e9 o maior estudo j\u00e1 realizado sobre o assunto: 96.331 pessoas, de 65 pa\u00edses, responderam a um question\u00e1rio online de 31 perguntas.<\/p>\n<p>\u00c9 um resultado chocante e representa exatamente o poder do preconceito no qual a sociedade ainda est\u00e1 pautada. A maioria das pessoas que sofrem essa viol\u00eancia e s\u00e3o mortas por ela \u00e9 v\u00edtima desse machismo ainda arraigado na sociedade\u009d, comentou a ativista do Grupo Arco-\u00c3\u008dris, que defende os direitos da comunidade LGBT, Marcelle Esteves.<\/p>\n<p>Mais pessoas responderam o question\u00e1rio, mas para se ter um universo m\u00ednimo confi\u00e1vel, s\u00f3 foram inclu\u00eddos dados de pa\u00edses onde mais de 700 pessoas responderam \u00e0 \u00a0s perguntas. Foram contabilizados, ent\u00e3o, 53 pa\u00edses, sendo nove na \u00e0 \u0081frica, 15 na \u00e0 \u0081sia, 15 nas Am\u00e9ricas, 12 na Europa e dois na Oceania. Entre os pesquisados, 67% defendem que os direitos humanos devem ser universais, independentemente do g\u00eanero ou prefer\u00eancia sexual.<br \/>\nEntretanto, o n\u00famero \u00e9 menor quando o assunto em pauta \u00e9 abordado de forma espec\u00edfica: apenas 53% das pessoas acham que ser gay n\u00e3o deveria ser considerado crime, enquanto 25% acham que deveria. O restante n\u00e3o soube responder. J\u00e1 65% dos participantes dizem que n\u00e3o teriam problema algum com um vizinho gay, l\u00e9sbica ou bissexual. Entretanto, 32% da popula\u00e7\u00e3o mundial acredita que o desejo por pessoas do mesmo sexo \u00e9 um fen\u00f4meno ocidental\u009d, um pensamento propagado por conservadores e extremistas religiosos em muitos pa\u00edses, at\u00e9 no Ocidente.<\/p>\n<p><strong>A pergunta que fica \u00e9: at\u00e9 quando teremos que lutar contra o preconceito?<\/strong><\/p>\n<p><em>*Com informa\u00e7\u00f5es da Ag\u00eancia Estado<\/em><\/p>\n","protected":false},"excerpt":{"rendered":"<p>Quando falamos de luta contra o preconceito sabemos que ainda \u00e9 uma longa estrada a se percorrer. Uma pesquisa global sobre as atitudes da popula\u00e7\u00e3o em [&hellip;]<\/p>\n","protected":false},"author":1,"featured_media":3665,"comment_status":"open","ping_status":"open","sticky":false,"template":"","format":"standard","meta":{"footnotes":""},"categories":[80,11],"tags":[],"class_list":["post-3899","post","type-post","status-publish","format-standard","has-post-thumbnail","hentry","category-home","category-me-informo"],"_links":{"self":[{"href":"https:\/\/blogs.correio24horas.com.br\/mesalte\/wp-json\/wp\/v2\/posts\/3899","targetHints":{"allow":["GET"]}}],"collection":[{"href":"https:\/\/blogs.correio24horas.com.br\/mesalte\/wp-json\/wp\/v2\/posts"}],"about":[{"href":"https:\/\/blogs.correio24horas.com.br\/mesalte\/wp-json\/wp\/v2\/types\/post"}],"author":[{"embeddable":true,"href":"https:\/\/blogs.correio24horas.com.br\/mesalte\/wp-json\/wp\/v2\/users\/1"}],"replies":[{"embeddable":true,"href":"https:\/\/blogs.correio24horas.com.br\/mesalte\/wp-json\/wp\/v2\/comments?post=3899"}],"version-history":[{"count":4,"href":"https:\/\/blogs.correio24horas.com.br\/mesalte\/wp-json\/wp\/v2\/posts\/3899\/revisions"}],"predecessor-version":[{"id":3904,"href":"https:\/\/blogs.correio24horas.com.br\/mesalte\/wp-json\/wp\/v2\/posts\/3899\/revisions\/3904"}],"wp:featuredmedia":[{"embeddable":true,"href":"https:\/\/blogs.correio24horas.com.br\/mesalte\/wp-json\/wp\/v2\/media\/3665"}],"wp:attachment":[{"href":"https:\/\/blogs.correio24horas.com.br\/mesalte\/wp-json\/wp\/v2\/media?parent=3899"}],"wp:term":[{"taxonomy":"category","embeddable":true,"href":"https:\/\/blogs.correio24horas.com.br\/mesalte\/wp-json\/wp\/v2\/categories?post=3899"},{"taxonomy":"post_tag","embeddable":true,"href":"https:\/\/blogs.correio24horas.com.br\/mesalte\/wp-json\/wp\/v2\/tags?post=3899"}],"curies":[{"name":"wp","href":"https:\/\/api.w.org\/{rel}","templated":true}]}}