{"id":3887,"date":"2016-05-18T18:00:52","date_gmt":"2016-05-18T21:00:52","guid":{"rendered":"http:\/\/www.correio24horas.com.br\/blogs\/mesalte\/?p=3887"},"modified":"2016-05-18T18:05:24","modified_gmt":"2016-05-18T21:05:24","slug":"e-lgbt-e-precisa-de-ajuda-saiba-onde-buscar-auxilio-social-psicologico-e-juridico-gratuito","status":"publish","type":"post","link":"https:\/\/blogs.correio24horas.com.br\/mesalte\/e-lgbt-e-precisa-de-ajuda-saiba-onde-buscar-auxilio-social-psicologico-e-juridico-gratuito\/","title":{"rendered":"\u00c9 LGBT e precisa de ajuda? Saiba onde buscar aux\u00edlio social, psicol\u00f3gico e jur\u00eddico gratuito"},"content":{"rendered":"<p><em>Por Tailane Muniz*<\/em><\/p>\n<p>Primeiro servi\u00e7o de atendimento especial ao p\u00fablico LGBT, em Salvador, o Centro de Refer\u00eancia LGBT (no Rio Vermelho) foi inaugurado pela Prefeitura Municipal em 18 de mar\u00e7o, h\u00e1 exatos dois meses e, nesse per\u00edodo, j\u00e1 recebeu quase 600 visitantes; entre grupos de estudantes,\u00c2\u00a0pesquisadores, curiosos\u00c2\u00a0e pessoas que foram procurar\u00c2\u00a0orienta\u00e7\u00e3o\u00c2\u00a0social, psicol\u00f3gica\u00c2\u00a0ou jur\u00eddica.<\/p>\n<p>Para o coordenador do centro, Vida Bruno, o centro tem um papel importante para a sociedade, de maneira geral. Temos a fun\u00e7\u00e3o de fazer a inclus\u00e3o do LGBT junto \u00e0 \u00a0 sociedade e, mais, temos o dever de educar essa sociedade para a\u00c2\u00a0realidade das orienta\u00e7\u00f5es sexuais\u009d, disse.<\/p>\n<p>Segundo Bruno, os \u00edndices de viol\u00eancia contra o p\u00fablico LGBT s\u00e3o uma crescente e o centro j\u00e1 recebeu casos diversos. Tudo \u00e9 sigiloso mas posso dizer que as pessoas chegam aqui fr\u00e1geis, vulner\u00e1veis e com dor na alma, em decorr\u00eancia das situa\u00e7\u00f5es de exposi\u00e7\u00e3o.\u00c2\u00a0De fato, h\u00e1 um dano moral e material a essas v\u00edtimas de intoler\u00e2ncia\u009d, completou.<\/p>\n<p>A secret\u00e1ria municipal da Repara\u00e7\u00e3o de Salvador, Ivete Sacramento, disse que com base nas ocorr\u00eancias do Observat\u00f3rio da Discrimina\u00e7\u00e3o Racial e LGBT foi poss\u00edvel perceber uma fragilidade no atendimento prestado pela pol\u00edcia ao p\u00fablico LGBT. Estamos em articula\u00e7\u00e3o para um programa de treinamento com a pol\u00edcia civil, propomos essa capacita\u00e7\u00e3o porque \u00e9 uma quest\u00e3o que inibe as den\u00fancias\u009d, pontuou.<\/p>\n<p>O transexual Edy Martins, 42 anos, disse que as d\u00favidas sobre a vida, a rela\u00e7\u00e3o com a fam\u00edlia e os fantasmas\u009d o levaram a procurar o Centro. Os preconceitos, as cobran\u00e7as que eu sofri ao longo da vida me trouxeram aqui, esses s\u00e3o meus fantasmas\u009d, afirmou.\u00c2\u00a0Edy, que foi ao centro receber atendimento psicol\u00f3gico, disse que se sentiu acolhido pelos colaboradores e destacou como positiva a diversidade entre eles. Eu tinha muitas d\u00favidas e vim para esclarecer, encontrei muito apoio; eles tentam ajudar, eu indico o centro aos meus amigos.\u009d, finalizou.<\/p>\n<p>A secret\u00e1ria salientou a import\u00e2ncia das v\u00edtimas buscarem ajuda e disse que h\u00e1 um monitoramento nas redes sociais em busca de casos. H\u00e1 uma varredura feita por cada um de n\u00f3s, todos os dias. Qualquer pessoa LGBT que se sinta fruto de viol\u00eancia e n\u00e3o puder comparecer, pode procurar o centro via telefone ou W<em>hatsApp<\/em> (71 98622-5494), nossa equipe \u00e9 itinerante e vai onde est\u00e1 a v\u00edtima \u201c \u00e9 importante que essas pessoas saibam que aqui elas t\u00eam voz\u009d, finalizou.\u00c2\u00a0<a href=\"http:\/\/www.correio24horas.com.br\/blogs\/mesalte\/sextas-de-maio-serao-dedicadas-a-diversidade-no-centro-lgbt-no-rio-vermelho\/\" target=\"_blank\">Na pr\u00f3xima sexta-feira (20) acontece, no Centro, atividades gratuitas<\/a>\u00c2\u00a0que fazem parte das a\u00e7\u00f5es do Centro pelo programa\u00e7\u00e3o do &#8220;Maio da Diversidade&#8221;. \u00c2\u00a0A programa\u00e7\u00e3o acontecer\u00e1 tamb\u00e9m no dia 3 de junho, encerrando as atividades. Antes, seria finalizado dia 27 de maio, mas por conta do feriado foi adiado.<\/p>\n<div id=\"attachment_3888\" style=\"width: 1034px\" class=\"wp-caption aligncenter\"><img loading=\"lazy\" decoding=\"async\" aria-describedby=\"caption-attachment-3888\" class=\"size-large wp-image-3888\" src=\"http:\/\/www.correio24horas.com.br\/blogs\/mesalte\/wp-content\/uploads\/2016\/05\/equipe-centro-1024x576.jpg\" alt=\"Toda equipe do Centro tem liga\u00e7\u00f5es com a causa LGBT Foto: Tailane Muniz\" width=\"1024\" height=\"576\" srcset=\"https:\/\/blogs.correio24h.com.br\/mesalte\/wp-content\/uploads\/2016\/05\/equipe-centro-1024x576.jpg 1024w, https:\/\/blogs.correio24h.com.br\/mesalte\/wp-content\/uploads\/2016\/05\/equipe-centro-300x169.jpg 300w, https:\/\/blogs.correio24h.com.br\/mesalte\/wp-content\/uploads\/2016\/05\/equipe-centro-768x432.jpg 768w, https:\/\/blogs.correio24h.com.br\/mesalte\/wp-content\/uploads\/2016\/05\/equipe-centro-260x146.jpg 260w, https:\/\/blogs.correio24h.com.br\/mesalte\/wp-content\/uploads\/2016\/05\/equipe-centro-50x28.jpg 50w, https:\/\/blogs.correio24h.com.br\/mesalte\/wp-content\/uploads\/2016\/05\/equipe-centro-133x75.jpg 133w\" sizes=\"auto, (max-width: 1024px) 100vw, 1024px\" \/><p id=\"caption-attachment-3888\" class=\"wp-caption-text\">Toda equipe do Centro tem liga\u00e7\u00f5es com a causa LGBT<br \/>Foto: Tailane Muniz<\/p><\/div>\n<p><strong>Onde buscar ajuda?<br \/>\n<\/strong>O Centro de Refer\u00eancia LGBT de Salvador est\u00e1 localizado no bairro do Rio Vermelho e funciona de 8h \u00e0 \u00a0s 17h, de segunda a sexta-feira. O ambiente disp\u00f5e de recep\u00e7\u00e3o, refeit\u00f3rio e audit\u00f3rio, al\u00e9m das salas de atendimento, divididos entre t\u00e9rreo e primeiro andar. L\u00e1, o p\u00fablico LGBT encontra atendimento social, psicol\u00f3gico e jur\u00eddico \u201c os atendimentos s\u00e3o fixos e h\u00e1 acompanhamento dos casos.<\/p>\n<p>Todos os membros do centro, entre corpo t\u00e9cnico e demais funcion\u00e1rios, s\u00e3o engajados com a causa LGBT porque, segundo a coordena\u00e7\u00e3o, h\u00e1 uma preocupa\u00e7\u00e3o em receber essas pessoas do jeito mais adequado.\u00c2\u00a0\u00c2\u00a0Den\u00fancias <em>online<\/em> podem ser feitas por <a href=\"http:\/\/observatorioracialelgbt.salvador.ba.gov.br\/denunciar\" target=\"_blank\">meio do Observat\u00f3rio da Discrimina\u00e7\u00e3o Racial e LGBT<\/a> , da Secretaria Municipal de Repara\u00e7\u00e3o (Semur).<\/p>\n<p>&nbsp;<\/p>\n<p><em>\u00c2\u00a0*Integrante da 10\u00aa turma do Programa CORREIO de Futuro<\/em><\/p>\n","protected":false},"excerpt":{"rendered":"<p>Por Tailane Muniz* Primeiro servi\u00e7o de atendimento especial ao p\u00fablico LGBT, em Salvador, o Centro de Refer\u00eancia LGBT (no Rio Vermelho) foi inaugurado pela Prefeitura Municipal [&hellip;]<\/p>\n","protected":false},"author":2,"featured_media":2779,"comment_status":"open","ping_status":"open","sticky":false,"template":"","format":"standard","meta":{"footnotes":""},"categories":[80,24],"tags":[261,43],"class_list":["post-3887","post","type-post","status-publish","format-standard","has-post-thumbnail","hentry","category-home","category-me-cuido","tag-ajudalgbt","tag-lgbt"],"_links":{"self":[{"href":"https:\/\/blogs.correio24horas.com.br\/mesalte\/wp-json\/wp\/v2\/posts\/3887","targetHints":{"allow":["GET"]}}],"collection":[{"href":"https:\/\/blogs.correio24horas.com.br\/mesalte\/wp-json\/wp\/v2\/posts"}],"about":[{"href":"https:\/\/blogs.correio24horas.com.br\/mesalte\/wp-json\/wp\/v2\/types\/post"}],"author":[{"embeddable":true,"href":"https:\/\/blogs.correio24horas.com.br\/mesalte\/wp-json\/wp\/v2\/users\/2"}],"replies":[{"embeddable":true,"href":"https:\/\/blogs.correio24horas.com.br\/mesalte\/wp-json\/wp\/v2\/comments?post=3887"}],"version-history":[{"count":1,"href":"https:\/\/blogs.correio24horas.com.br\/mesalte\/wp-json\/wp\/v2\/posts\/3887\/revisions"}],"predecessor-version":[{"id":3889,"href":"https:\/\/blogs.correio24horas.com.br\/mesalte\/wp-json\/wp\/v2\/posts\/3887\/revisions\/3889"}],"wp:featuredmedia":[{"embeddable":true,"href":"https:\/\/blogs.correio24horas.com.br\/mesalte\/wp-json\/wp\/v2\/media\/2779"}],"wp:attachment":[{"href":"https:\/\/blogs.correio24horas.com.br\/mesalte\/wp-json\/wp\/v2\/media?parent=3887"}],"wp:term":[{"taxonomy":"category","embeddable":true,"href":"https:\/\/blogs.correio24horas.com.br\/mesalte\/wp-json\/wp\/v2\/categories?post=3887"},{"taxonomy":"post_tag","embeddable":true,"href":"https:\/\/blogs.correio24horas.com.br\/mesalte\/wp-json\/wp\/v2\/tags?post=3887"}],"curies":[{"name":"wp","href":"https:\/\/api.w.org\/{rel}","templated":true}]}}