{"id":3883,"date":"2016-05-19T11:01:33","date_gmt":"2016-05-19T14:01:33","guid":{"rendered":"http:\/\/www.correio24horas.com.br\/blogs\/mesalte\/?p=3883"},"modified":"2016-05-19T11:16:26","modified_gmt":"2016-05-19T14:16:26","slug":"mais-amor-por-favor-paulett-furacao-a-forca-da-militancia-trans-feminina-no-nordeste-de-amaralina","status":"publish","type":"post","link":"https:\/\/blogs.correio24horas.com.br\/mesalte\/mais-amor-por-favor-paulett-furacao-a-forca-da-militancia-trans-feminina-no-nordeste-de-amaralina\/","title":{"rendered":"[Mais amor, por favor!] Paulett Furac\u00e3o: a for\u00e7a da milit\u00e2ncia trans feminina no Nordeste de Amaralina"},"content":{"rendered":"<p><img loading=\"lazy\" decoding=\"async\" class=\"aligncenter size-full wp-image-3869\" src=\"http:\/\/www.correio24horas.com.br\/blogs\/mesalte\/wp-content\/uploads\/2016\/05\/Mais-amor-por-favor.jpg\" alt=\"Mais amor, por favor\" width=\"916\" height=\"200\" srcset=\"https:\/\/blogs.correio24h.com.br\/mesalte\/wp-content\/uploads\/2016\/05\/Mais-amor-por-favor.jpg 916w, https:\/\/blogs.correio24h.com.br\/mesalte\/wp-content\/uploads\/2016\/05\/Mais-amor-por-favor-300x66.jpg 300w, https:\/\/blogs.correio24h.com.br\/mesalte\/wp-content\/uploads\/2016\/05\/Mais-amor-por-favor-768x168.jpg 768w, https:\/\/blogs.correio24h.com.br\/mesalte\/wp-content\/uploads\/2016\/05\/Mais-amor-por-favor-260x57.jpg 260w, https:\/\/blogs.correio24h.com.br\/mesalte\/wp-content\/uploads\/2016\/05\/Mais-amor-por-favor-50x11.jpg 50w, https:\/\/blogs.correio24h.com.br\/mesalte\/wp-content\/uploads\/2016\/05\/Mais-amor-por-favor-150x33.jpg 150w\" sizes=\"auto, (max-width: 916px) 100vw, 916px\" \/><\/p>\n<p>Por cinco anos, Paulett Furac\u00e3o juntou silenciosamente dinheiro para realizar o sonho de poder se olhar no espelho e se enxergar como realmente ela \u00e9. Foram R$ 10 mil, reunidos com muito sacrif\u00edcio, para fazer a cirurgia de adequa\u00e7\u00e3o de g\u00eanero nas mamas. &#8220;Quando me olhei no espelho nem acreditei de tanta emo\u00e7\u00e3o. Sinto que o esp\u00edrito est\u00e1 voltando para o corpo&#8221;, conta Paulett, que \u00e9 do bairro do Nordeste de Amaralina, em Salvador.<\/p>\n<p>Em novembro de 2012, Paulett entrou para a hist\u00f3ria ao se tornar a primeira trans feminina a ocupar uma fun\u00e7\u00e3o em secretarias estaduais no estado da Bahia. Foi a segunda em todo pa\u00eds a alcan\u00e7ar esse posto. &#8220;Sempre fui militante desde os 15 anos. Fiz teatro, participei de grupos de jovens com recorte na cidadania. Como tran a gente sofre muito preconceito&#8221;, conta Paulet que atualmente \u00e9 representante do N\u00facleo de Enfrentamento ao Tr\u00e1fico de Pessoas da Secretaria de Justi\u00e7a, Direitos Humanos e Desenvolvimento Social.<\/p>\n<div id=\"attachment_3890\" style=\"width: 688px\" class=\"wp-caption aligncenter\"><img loading=\"lazy\" decoding=\"async\" aria-describedby=\"caption-attachment-3890\" class=\"size-large wp-image-3890\" src=\"http:\/\/www.correio24horas.com.br\/blogs\/mesalte\/wp-content\/uploads\/2016\/05\/Paulett-Furac\u00e3o-no-Nordeste-de-Amaralina-678x1024.jpg\" alt=\"Paulett Furac\u00e3o tem 15 anos de milit\u00e2ncia Foto: Jorge Gauthier\" width=\"678\" height=\"1024\" srcset=\"https:\/\/blogs.correio24h.com.br\/mesalte\/wp-content\/uploads\/2016\/05\/Paulett-Furac\u00e3o-no-Nordeste-de-Amaralina-678x1024.jpg 678w, https:\/\/blogs.correio24h.com.br\/mesalte\/wp-content\/uploads\/2016\/05\/Paulett-Furac\u00e3o-no-Nordeste-de-Amaralina-199x300.jpg 199w, https:\/\/blogs.correio24h.com.br\/mesalte\/wp-content\/uploads\/2016\/05\/Paulett-Furac\u00e3o-no-Nordeste-de-Amaralina-768x1159.jpg 768w, https:\/\/blogs.correio24h.com.br\/mesalte\/wp-content\/uploads\/2016\/05\/Paulett-Furac\u00e3o-no-Nordeste-de-Amaralina-97x146.jpg 97w, https:\/\/blogs.correio24h.com.br\/mesalte\/wp-content\/uploads\/2016\/05\/Paulett-Furac\u00e3o-no-Nordeste-de-Amaralina-33x50.jpg 33w, https:\/\/blogs.correio24h.com.br\/mesalte\/wp-content\/uploads\/2016\/05\/Paulett-Furac\u00e3o-no-Nordeste-de-Amaralina-50x75.jpg 50w, https:\/\/blogs.correio24h.com.br\/mesalte\/wp-content\/uploads\/2016\/05\/Paulett-Furac\u00e3o-no-Nordeste-de-Amaralina.jpg 1036w\" sizes=\"auto, (max-width: 678px) 100vw, 678px\" \/><p id=\"caption-attachment-3890\" class=\"wp-caption-text\">Paulett Furac\u00e3o tem 15 anos de milit\u00e2ncia<br \/>Foto: Jorge Gauthier<\/p><\/div>\n<p>Hoje, com 30 anos, Paulett reflete que os preconceitos aparecem a todos os instantes e que a luta contra eles deve ser cont\u00ednua. O acesso \u00e0 \u00a0 sa\u00fade da popula\u00e7\u00e3o trans, segundo ela, \u00e9 um dos principais pontos de sofrimento. &#8220;Quando fiz minha cirurgia de mamas busquei profissionais que respeitassem minha identidade de g\u00eanero. Me senti muito bem com o respeito que todos tiveram. Mas \u00e9 uma luta constante. Esses dias fui na Unidade Pronto Atendimento de Itapu\u00e3 para o dentista e tive problemas com um funcion\u00e1rio que insistia em me chamar pelo nome do registro civil e n\u00e3o pelo nome social&#8221;.<\/p>\n<p>Em 2017, Paulett sonha em fazer a cirurgia de transgenitaliza\u00e7\u00e3o. &#8220;Quero fazer tudo com muito cuidado e calma. Sou muito medrosa com essas coisas de m\u00e9dico e cirurgia. N\u00f3s trans temos essa busca pelo corpo adequado ao g\u00eanero e muitas meninas se perdem nisso. Muitas se desesperam. Tive uma amiga que j\u00e1 morreu por conta disso&#8221;, explica Paulett.<\/p>\n<p>Nascida em uma fam\u00edlia com outros 4 irm\u00e3os, Paulett conta que a fam\u00edlia sempre achou que era seria gay. &#8220;Sempre me senti feminina desde crian\u00e7a. at\u00e9 quando eu usava roupas masculinas sempre me senti feminina. Eles tratavam at\u00e9 com naturalidade, mas depois que foram verificando que eu era trans tive alguns conflitos que s\u00e3o at\u00e9 esperados. Hoje, eles me respeitam e me amam. Tenho muita sorte nesse sentido&#8221;, explica.<\/p>\n<p><strong>Nome forte<\/strong><br \/>\nPaulett n\u00e3o usa o sobrenome Furac\u00e3o \u00e0 \u00a0 toa. Juntos, eles simbolizam for\u00e7a e luta conta a transfobia. &#8220;O nome Paulett me representa e o furac\u00e3o muito mais. \u00c9 um nome forte. \u00c9 um nome de trans.Essa \u00e9 a nossa identidade. N\u00f3s estamos nos distanciando na mulher biol\u00f3gica. Eu n\u00e3o gosto de ser chamada de mulher. Eu gosto de ser chamada de trans feminina. Meus filhos, quando eu adotar, v\u00e3o levar o Furac\u00e3o. Eu quero que eles se orgulhem da m\u00e3e deles por ela ser uma trans&#8221;, defende.<\/p>\n<p>A constru\u00e7\u00e3o da sua identidade foi toda feita no bairro do Nordeste de Amaralina. &#8220;A sociedade tem muito preconceito com o nosso bairro, que \u00e9 perif\u00e9rico. Mas aqui todas as trans s\u00e3o respeitad\u00edssimas. A comunidade nos abra\u00e7a e n\u00e3o s\u00f3 os LGBTs&#8221;, explica Paulett. O bairro tem um simbolismo de resist\u00eancia na vida de Paulett. &#8220;Quando era mais jovem reun\u00edamos todas as trans na pra\u00e7a do Col\u00e9gio Estadual Manuel Devoto (foto abaixo) que \u00e9 um espa\u00e7o de resist\u00eancia que come\u00e7amos a usar depois que uma trans foi assassinada no outro lugar que nos reun\u00edamos para conversar&#8221;, relembra Paulett.<\/p>\n<div id=\"attachment_3892\" style=\"width: 1034px\" class=\"wp-caption aligncenter\"><img loading=\"lazy\" decoding=\"async\" aria-describedby=\"caption-attachment-3892\" class=\"wp-image-3892 size-large\" src=\"http:\/\/www.correio24horas.com.br\/blogs\/mesalte\/wp-content\/uploads\/2016\/05\/Paulett-Furac\u00e3o-no-Nordeste-de-Amaralina3-2-1024x772.jpg\" alt=\"Paulett Furac\u00e3o no Nordeste de Amaralina3 (2)\" width=\"1024\" height=\"772\" srcset=\"https:\/\/blogs.correio24h.com.br\/mesalte\/wp-content\/uploads\/2016\/05\/Paulett-Furac\u00e3o-no-Nordeste-de-Amaralina3-2-1024x772.jpg 1024w, https:\/\/blogs.correio24h.com.br\/mesalte\/wp-content\/uploads\/2016\/05\/Paulett-Furac\u00e3o-no-Nordeste-de-Amaralina3-2-300x226.jpg 300w, https:\/\/blogs.correio24h.com.br\/mesalte\/wp-content\/uploads\/2016\/05\/Paulett-Furac\u00e3o-no-Nordeste-de-Amaralina3-2-768x579.jpg 768w, https:\/\/blogs.correio24h.com.br\/mesalte\/wp-content\/uploads\/2016\/05\/Paulett-Furac\u00e3o-no-Nordeste-de-Amaralina3-2-194x146.jpg 194w, https:\/\/blogs.correio24h.com.br\/mesalte\/wp-content\/uploads\/2016\/05\/Paulett-Furac\u00e3o-no-Nordeste-de-Amaralina3-2-50x38.jpg 50w, https:\/\/blogs.correio24h.com.br\/mesalte\/wp-content\/uploads\/2016\/05\/Paulett-Furac\u00e3o-no-Nordeste-de-Amaralina3-2-99x75.jpg 99w, https:\/\/blogs.correio24h.com.br\/mesalte\/wp-content\/uploads\/2016\/05\/Paulett-Furac\u00e3o-no-Nordeste-de-Amaralina3-2.jpg 1122w\" sizes=\"auto, (max-width: 1024px) 100vw, 1024px\" \/><p id=\"caption-attachment-3892\" class=\"wp-caption-text\">Pra\u00e7a no Nordeste de Amaralina \u00e9 simb\u00f3lica para a hist\u00f3ria de Paulett Foto: Jorge Gauthier<\/p><\/div>\n<p><em><strong>Leia mais reportagens da s\u00e9rie Mais Amor, Por Favor<br \/>\n<\/strong><\/em><\/p>\n<div class=\"section the_content has_content\">\n<div class=\"section_wrapper\">\n<div class=\"the_content_wrapper\">\n<p><strong><a href=\"http:\/\/www.correio24horas.com.br\/blogs\/mesalte\/mais-amor-por-favor-116-mortes-de-pessoas-lgbt-ja-foram-registradas-no-brasil-em-2016\/#sthash.nYGVHJ0H.dpuf\" target=\"_blank\">116 mortes de pessoas LGBT j\u00e1 foram registradas no Brasil em 2016<br \/>\n<\/a><\/strong><a href=\"http:\/\/www.correio24horas.com.br\/blogs\/mesalte\/mais-amor-por-favor-estudante-de-direito-luta-contra-o-preconceito-atuando-como-primeira-drag-king-de-salvador\/#sthash.5NKLH85e.dpuf\" target=\"_blank\">\u00c2\u00a0Estudante de Direito luta contra o preconceito atuando como primeira drag king de Salvador<br \/>\nAs Bahias e a Cozinha Mineira: a voz das transexuais contra o preconceito<br \/>\n<\/a><\/p>\n<\/div>\n<\/div>\n<\/div>\n","protected":false},"excerpt":{"rendered":"<p>Por cinco anos, Paulett Furac\u00e3o juntou silenciosamente dinheiro para realizar o sonho de poder se olhar no espelho e se enxergar como realmente ela \u00e9. Foram [&hellip;]<\/p>\n","protected":false},"author":1,"featured_media":0,"comment_status":"open","ping_status":"open","sticky":false,"template":"","format":"standard","meta":{"footnotes":""},"categories":[80,9],"tags":[252,262],"class_list":["post-3883","post","type-post","status-publish","format-standard","hentry","category-home","category-me-orgulho","tag-maisamorporfavor","tag-paulettfuracao"],"_links":{"self":[{"href":"https:\/\/blogs.correio24horas.com.br\/mesalte\/wp-json\/wp\/v2\/posts\/3883","targetHints":{"allow":["GET"]}}],"collection":[{"href":"https:\/\/blogs.correio24horas.com.br\/mesalte\/wp-json\/wp\/v2\/posts"}],"about":[{"href":"https:\/\/blogs.correio24horas.com.br\/mesalte\/wp-json\/wp\/v2\/types\/post"}],"author":[{"embeddable":true,"href":"https:\/\/blogs.correio24horas.com.br\/mesalte\/wp-json\/wp\/v2\/users\/1"}],"replies":[{"embeddable":true,"href":"https:\/\/blogs.correio24horas.com.br\/mesalte\/wp-json\/wp\/v2\/comments?post=3883"}],"version-history":[{"count":7,"href":"https:\/\/blogs.correio24horas.com.br\/mesalte\/wp-json\/wp\/v2\/posts\/3883\/revisions"}],"predecessor-version":[{"id":3897,"href":"https:\/\/blogs.correio24horas.com.br\/mesalte\/wp-json\/wp\/v2\/posts\/3883\/revisions\/3897"}],"wp:attachment":[{"href":"https:\/\/blogs.correio24horas.com.br\/mesalte\/wp-json\/wp\/v2\/media?parent=3883"}],"wp:term":[{"taxonomy":"category","embeddable":true,"href":"https:\/\/blogs.correio24horas.com.br\/mesalte\/wp-json\/wp\/v2\/categories?post=3883"},{"taxonomy":"post_tag","embeddable":true,"href":"https:\/\/blogs.correio24horas.com.br\/mesalte\/wp-json\/wp\/v2\/tags?post=3883"}],"curies":[{"name":"wp","href":"https:\/\/api.w.org\/{rel}","templated":true}]}}