{"id":3878,"date":"2016-05-18T11:02:13","date_gmt":"2016-05-18T14:02:13","guid":{"rendered":"http:\/\/www.correio24horas.com.br\/blogs\/mesalte\/?p=3878"},"modified":"2016-05-18T11:04:42","modified_gmt":"2016-05-18T14:04:42","slug":"transformista-baiana-e-cover-oficial-de-ivete-sangalo-e-estrela-do-documentario-os-outros-da-diretora-sandra-verneck","status":"publish","type":"post","link":"https:\/\/blogs.correio24horas.com.br\/mesalte\/transformista-baiana-e-cover-oficial-de-ivete-sangalo-e-estrela-do-documentario-os-outros-da-diretora-sandra-verneck\/","title":{"rendered":"Transformista baiana e cover oficial de Ivete Sangalo \u00e9 estrela de document\u00e1rio"},"content":{"rendered":"<p>A\u00c2\u00a0personagem\u00c2\u00a0Scarleth Sangalo \u00e9 a estrela do longa-document\u00e1rio &#8220;Os Outros&#8221;, que ser\u00e1 lan\u00e7ado nessa quinta-feira (19) no Rio de Janeiro. Vivida pelo ator transformista baiano Edson J\u00fanior, Scarleth \u00c2\u00a0\u00e9 conhecida nacionalmente como cover da cantora Ivete Sangalo. Al\u00e9m de Scarleth, o document\u00e1rio traz ainda outros personagens que interpretam outros artistas famosos como \u00c2\u00a0Roberto Carlos\u00c2\u00a0e\u00c2\u00a0Cazuza.\u00c2\u00a0Ivete tamb\u00e9m participa do document\u00e1rio em participa\u00e7\u00e3o gravada com Scarleth em Porto Seguro, na Bahia.\u00c2\u00a0Veja trailer do document\u00e1rio:<\/p>\n<p><iframe loading=\"lazy\" src=\"https:\/\/player.vimeo.com\/video\/166366609\" width=\"640\" height=\"360\" frameborder=\"0\" allowfullscreen=\"allowfullscreen\"><\/iframe><\/p>\n<p><a href=\"https:\/\/vimeo.com\/166366609\">Os Outros &#8211; Trailer oficial<\/a> from <a href=\"https:\/\/vimeo.com\/user18181853\">Cineluz<\/a> on <a href=\"https:\/\/vimeo.com\">Vimeo<\/a>.<\/p>\n","protected":false},"excerpt":{"rendered":"<p>A\u00c2\u00a0personagem\u00c2\u00a0Scarleth Sangalo \u00e9 a estrela do longa-document\u00e1rio &#8220;Os Outros&#8221;, que ser\u00e1 lan\u00e7ado nessa quinta-feira (19) no Rio de Janeiro. Vivida pelo ator transformista baiano Edson J\u00fanior, [&hellip;]<\/p>\n","protected":false},"author":1,"featured_media":3879,"comment_status":"open","ping_status":"open","sticky":false,"template":"","format":"standard","meta":{"footnotes":""},"categories":[80,25],"tags":[],"class_list":["post-3878","post","type-post","status-publish","format-standard","has-post-thumbnail","hentry","category-home","category-me-transformo"],"_links":{"self":[{"href":"https:\/\/blogs.correio24horas.com.br\/mesalte\/wp-json\/wp\/v2\/posts\/3878","targetHints":{"allow":["GET"]}}],"collection":[{"href":"https:\/\/blogs.correio24horas.com.br\/mesalte\/wp-json\/wp\/v2\/posts"}],"about":[{"href":"https:\/\/blogs.correio24horas.com.br\/mesalte\/wp-json\/wp\/v2\/types\/post"}],"author":[{"embeddable":true,"href":"https:\/\/blogs.correio24horas.com.br\/mesalte\/wp-json\/wp\/v2\/users\/1"}],"replies":[{"embeddable":true,"href":"https:\/\/blogs.correio24horas.com.br\/mesalte\/wp-json\/wp\/v2\/comments?post=3878"}],"version-history":[{"count":3,"href":"https:\/\/blogs.correio24horas.com.br\/mesalte\/wp-json\/wp\/v2\/posts\/3878\/revisions"}],"predecessor-version":[{"id":3882,"href":"https:\/\/blogs.correio24horas.com.br\/mesalte\/wp-json\/wp\/v2\/posts\/3878\/revisions\/3882"}],"wp:featuredmedia":[{"embeddable":true,"href":"https:\/\/blogs.correio24horas.com.br\/mesalte\/wp-json\/wp\/v2\/media\/3879"}],"wp:attachment":[{"href":"https:\/\/blogs.correio24horas.com.br\/mesalte\/wp-json\/wp\/v2\/media?parent=3878"}],"wp:term":[{"taxonomy":"category","embeddable":true,"href":"https:\/\/blogs.correio24horas.com.br\/mesalte\/wp-json\/wp\/v2\/categories?post=3878"},{"taxonomy":"post_tag","embeddable":true,"href":"https:\/\/blogs.correio24horas.com.br\/mesalte\/wp-json\/wp\/v2\/tags?post=3878"}],"curies":[{"name":"wp","href":"https:\/\/api.w.org\/{rel}","templated":true}]}}