{"id":3863,"date":"2016-05-17T17:50:11","date_gmt":"2016-05-17T20:50:11","guid":{"rendered":"http:\/\/www.correio24horas.com.br\/blogs\/mesalte\/?p=3863"},"modified":"2016-05-17T19:47:39","modified_gmt":"2016-05-17T22:47:39","slug":"mais-amor-por-favor-as-bahias-e-a-cozinha-mineira-a-voz-das-transexuais-contra-o-preconceito","status":"publish","type":"post","link":"https:\/\/blogs.correio24horas.com.br\/mesalte\/mais-amor-por-favor-as-bahias-e-a-cozinha-mineira-a-voz-das-transexuais-contra-o-preconceito\/","title":{"rendered":"[Mais amor, por favor!] As Bahias e a Cozinha Mineira: a voz das transexuais contra o preconceito"},"content":{"rendered":"<p><img loading=\"lazy\" decoding=\"async\" class=\"aligncenter size-full wp-image-3869\" src=\"http:\/\/www.correio24horas.com.br\/blogs\/mesalte\/wp-content\/uploads\/2016\/05\/Mais-amor-por-favor.jpg\" alt=\"Mais amor, por favor\" width=\"916\" height=\"200\" srcset=\"https:\/\/blogs.correio24h.com.br\/mesalte\/wp-content\/uploads\/2016\/05\/Mais-amor-por-favor.jpg 916w, https:\/\/blogs.correio24h.com.br\/mesalte\/wp-content\/uploads\/2016\/05\/Mais-amor-por-favor-300x66.jpg 300w, https:\/\/blogs.correio24h.com.br\/mesalte\/wp-content\/uploads\/2016\/05\/Mais-amor-por-favor-768x168.jpg 768w, https:\/\/blogs.correio24h.com.br\/mesalte\/wp-content\/uploads\/2016\/05\/Mais-amor-por-favor-260x57.jpg 260w, https:\/\/blogs.correio24h.com.br\/mesalte\/wp-content\/uploads\/2016\/05\/Mais-amor-por-favor-50x11.jpg 50w, https:\/\/blogs.correio24h.com.br\/mesalte\/wp-content\/uploads\/2016\/05\/Mais-amor-por-favor-150x33.jpg 150w\" sizes=\"auto, (max-width: 916px) 100vw, 916px\" \/><\/p>\n<p>A banda As Bahias e Cozinha Mineira, que se apresenta em Salvador na pr\u00f3xima sexta-feira (20), tem na sua ess\u00eancia a luta pelos direitos igualit\u00e1rios. Com os vocais de duas mulheres transexuais &#8211; Raquel Virg\u00ednia e Assucena &#8211; a banda foca na afirma\u00e7\u00e3o feminina pela arte para se esquivar do preconceito.<\/p>\n<p>Assucena \u00e9 natural de Vit\u00f3ria da Conquista, na Bahia, e Raquel, paulista, morou e estudou em Salvador. Nos conhecemos em um encontro de estudantes na USP, em S\u00e3o Paulo. Raquel e eu nos entendemos no primeiro instante. E muito dessa identifica\u00e7\u00e3o devemos a nossa paix\u00e3o pela cultura baiana\u009d, conta Assucena.<\/p>\n<p>Na tarde de hoje, em que se lembra o dia mundial de combate \u00e0 \u00a0 LGBTfobia, o Me Salte bateu um papo com elas sobre\u00c2\u00a0\u00c2\u00a0m\u00fasica, arte e express\u00f5es de como combater o preconceito como parte do especial de reportagens <strong>Mais Amor, Por Favor!\u00c2\u00a0<\/strong>, que ao longo dessa semana mostrar\u00e1 exemplos de pessoas LGBT que lutam contra o preconceito pela arte e\/ou milit\u00e2ncia.<\/p>\n<p><strong> Veja abaixo a entrevista completa: \u00c2\u00a0<\/strong><\/p>\n<p><em><iframe loading=\"lazy\" style=\"border: none; overflow: hidden;\" src=\"https:\/\/www.facebook.com\/plugins\/video.php?href=https%3A%2F%2Fwww.facebook.com%2Fcorreio24horas%2Fvideos%2F1370810332933455%2F&amp;show_text=0&amp;width=560\" width=\"560\" height=\"315\" frameborder=\"0\" scrolling=\"no\" allowfullscreen=\"allowfullscreen\"><\/iframe><br \/>\n<\/em><em>*Agradecimento &#8211; The Hotel (Barra)<\/em><\/p>\n<p class=\"x_MsoNormal\">O show em Salvador ganhou o apoio do GGB (Grupo Gay da Bahia) e vai contar com participa\u00e7\u00f5es, da cantora Larissa Luz al\u00e9m de\u00c2\u00a0performances de arte drag do\u00c2\u00a0<i>Cabar\u00e9 Feshaa\u00e7\u00e3o<\/i>, com <span id=\"0.04951971441976544\" class=\"highlight\">as<\/span> drag queens Melanie Mason, Alehandra Dellavega e Rainha Loulou.\u00c2\u00a0<span id=\"0.6896247275401115\" class=\"highlight\">As<\/span> <span id=\"0.4152073821907736\" class=\"highlight\">Bahias<\/span> e a Cozinha Mineira se completa com o mineiro Rafael Acerbi (arranjador e guitarrista) \u201c respons\u00e1vel pela cozinha mineira\u009d do nome do grupo &#8211; Rob <span id=\"0.4818345203931822\" class=\"highlight\">As<\/span>htoffen (baixista) Carlos Eduardo Samuel (tecladista), Vitor Coimbra (baterista) e Danilo Moura (percussionista).<\/p>\n<p class=\"x_MsoNormal\"><strong>Quer ouvir mais a voz das meninas? Acompanhe\u00c2\u00a0o \u00e1lbum Mulher:<\/strong><\/p>\n<p><iframe loading=\"lazy\" src=\"https:\/\/www.youtube.com\/embed\/Jv-C_rFHFOw\" width=\"560\" height=\"315\" frameborder=\"0\" allowfullscreen=\"allowfullscreen\"><\/iframe><\/p>\n<p class=\"x_MsoNormal\"><em><u>SERVI\u00c7O:<br \/>\n<\/u><span id=\"0.06901793165586056\" class=\"highlight\">As<\/span> <span id=\"0.8843618426253579\" class=\"highlight\">Bahias<\/span> e a Cozinha Mineira<\/em><br \/>\n<em>Data: 20\/5 (sexta-feira)<\/em><br \/>\n<em>Local: Largo Tereza Batista &#8211; Pelourinho<\/em><br \/>\n<em>Hor\u00e1rio: 20h<\/em><br \/>\n<em>Ingressos:\u00c2\u00a0Lote 01 &#8211; inteira: r$40 \/lote 01 &#8211; meia-entrada: R$20 (mediante a apresenta\u00e7\u00e3o de comprovante de direito \u00e0 \u00a0 meia-entrada)\/ lote 01 &#8211; meia social (limitado): R$\u00c2\u00a020 (mediante a doa\u00e7\u00e3o de 1kg de alimento n\u00e3o perec\u00edvel) \/ lote 01 &#8211; ingresso especial: R$25<\/em>.\u00c2\u00a0<b>\u00c2\u00a0<a href=\"https:\/\/www.sympla.com.br\/as-bahias-e-a-cozinha-mineira-em-ssa__66100\" target=\"_blank\">Vendas online \u00c2\u00a0pelo Sympla<\/a><\/b>:<\/p>\n<p>&nbsp;<\/p>\n<p><em><strong>Leia mais reportagens da s\u00e9rie Mais amor, por favor!<\/strong><\/em><br \/>\n<a href=\"http:\/\/www.correio24horas.com.br\/blogs\/mesalte\/mais-amor-por-favor-estudante-de-direito-luta-contra-o-preconceito-atuando-como-primeira-drag-king-de-salvador\/#sthash.lQNYgUYY.dpuf\" target=\"_blank\">116 mortes de pessoas LGBT j\u00e1 foram registradas no Brasil em 2016<\/a><br \/>\n<a href=\"http:\/\/www.correio24horas.com.br\/blogs\/mesalte\/mais-amor-por-favor-estudante-de-direito-luta-contra-o-preconceito-atuando-como-primeira-drag-king-de-salvador\/#sthash.lQNYgUYY.N8n9ySBD.dpuf\" target=\"_blank\">Estudante de Direito luta contra o preconceito atuando como primeira drag king de Salvador<\/a> &#8211; See more at:<\/p>\n","protected":false},"excerpt":{"rendered":"<p>A banda As Bahias e Cozinha Mineira, que se apresenta em Salvador na pr\u00f3xima sexta-feira (20), tem na sua ess\u00eancia a luta pelos direitos igualit\u00e1rios. Com [&hellip;]<\/p>\n","protected":false},"author":1,"featured_media":0,"comment_status":"open","ping_status":"open","sticky":false,"template":"","format":"standard","meta":{"footnotes":""},"categories":[80,11],"tags":[258,259],"class_list":["post-3863","post","type-post","status-publish","format-standard","hentry","category-home","category-me-informo","tag-asbahiaseacozinhamineira","tag-x-asbahiaseacozinhamineiraemsalvador"],"_links":{"self":[{"href":"https:\/\/blogs.correio24horas.com.br\/mesalte\/wp-json\/wp\/v2\/posts\/3863","targetHints":{"allow":["GET"]}}],"collection":[{"href":"https:\/\/blogs.correio24horas.com.br\/mesalte\/wp-json\/wp\/v2\/posts"}],"about":[{"href":"https:\/\/blogs.correio24horas.com.br\/mesalte\/wp-json\/wp\/v2\/types\/post"}],"author":[{"embeddable":true,"href":"https:\/\/blogs.correio24horas.com.br\/mesalte\/wp-json\/wp\/v2\/users\/1"}],"replies":[{"embeddable":true,"href":"https:\/\/blogs.correio24horas.com.br\/mesalte\/wp-json\/wp\/v2\/comments?post=3863"}],"version-history":[{"count":6,"href":"https:\/\/blogs.correio24horas.com.br\/mesalte\/wp-json\/wp\/v2\/posts\/3863\/revisions"}],"predecessor-version":[{"id":3870,"href":"https:\/\/blogs.correio24horas.com.br\/mesalte\/wp-json\/wp\/v2\/posts\/3863\/revisions\/3870"}],"wp:attachment":[{"href":"https:\/\/blogs.correio24horas.com.br\/mesalte\/wp-json\/wp\/v2\/media?parent=3863"}],"wp:term":[{"taxonomy":"category","embeddable":true,"href":"https:\/\/blogs.correio24horas.com.br\/mesalte\/wp-json\/wp\/v2\/categories?post=3863"},{"taxonomy":"post_tag","embeddable":true,"href":"https:\/\/blogs.correio24horas.com.br\/mesalte\/wp-json\/wp\/v2\/tags?post=3863"}],"curies":[{"name":"wp","href":"https:\/\/api.w.org\/{rel}","templated":true}]}}