{"id":3817,"date":"2016-05-16T13:54:00","date_gmt":"2016-05-16T16:54:00","guid":{"rendered":"http:\/\/www.correio24horas.com.br\/blogs\/mesalte\/?p=3817"},"modified":"2017-05-18T07:09:27","modified_gmt":"2017-05-18T10:09:27","slug":"rihanna-fara-show-em-salvador-dia-9-de-setembro-afirma-jornalista","status":"publish","type":"post","link":"https:\/\/blogs.correio24horas.com.br\/mesalte\/rihanna-fara-show-em-salvador-dia-9-de-setembro-afirma-jornalista\/","title":{"rendered":"Rihanna far\u00e1 show em Salvador dia 9 de setembro"},"content":{"rendered":"<p>Preparem o cora\u00e7\u00e3o e o bolso. A maravilhosa Rihanna far\u00e1 show em Salvador no dia 9 de setembro. A informa\u00e7\u00e3o foi divulgada no Twitter do jornalista Jos\u00e9 Norberto Flesch, conhecido por antecipar shows internacionais no pa\u00eds. A apresenta\u00e7\u00e3o seria da turn\u00ea ANTI World Tour\u009d que j\u00e1 foi confirmada em S\u00e3o Paulo e Rio de Janeiro. No site da cantora ainda n\u00e3o tem nenhuma confirma\u00e7\u00e3o do show dela em Salvador, mas a especula\u00e7\u00e3o \u00e9 que seja na Arena Fonte Nova. A equipe da Arena nega que tenha algo agendado.<\/p>\n<p>Em S\u00e3o Paulo, o show ser\u00e1 no dia 11 de setembro. Estamos na torcida e apurando mais detalhes!<a href=\"http:\/\/www.correio24horas.com.br\/blogs\/mesalte\/rihanna-em-salvador\/\" target=\"_blank\"> Orando para que n\u00e3o seja mais uma pegadinha como aconteceu no dia 1\u00ba de abril.<\/a><\/p>\n<p>Al\u00e9m do Brasil, a ANTI World Tour\u009d deve passar tamb\u00e9m por mais cinco pa\u00edses sul-americanos: Argentina, Chile, Col\u00f4mbia, Peru e Paraguai. A nova turn\u00ea da Rihanna, que serve de promo\u00e7\u00e3o para o seu oitavo \u00e1lbum de est\u00fadio ANTI\u009d, come\u00e7ou em mar\u00e7o na Fl\u00f3rida, nos EUA, e ainda deve passar pela Europa antes de chegar ao nosso continente em setembro.<\/p>\n<p><a href=\"http:\/\/www.correio24horas.com.br\/single-guia\/noticia\/show-de-rihanna-em-salvador-nao-vai-mais-acontecer-revela-site\/?cHash=77ceff95b68e25971439e3d3af388b8c\" target=\"_blank\"><strong>ATEN\u00c7\u00c3O, ATEN\u00c7\u00c3O: O SHOW FOI CANCELADO<\/strong>\u00a0NO DIA 21 DE JUNHO DE 2016<\/a><\/p>\n<p>&nbsp;<\/p>\n<p><strong>Vamos come\u00e7ar a ensaiar, mores?!<\/strong><br \/>\n<iframe loading=\"lazy\" src=\"https:\/\/www.youtube.com\/embed\/HL1UzIK-flA\" width=\"560\" height=\"315\" frameborder=\"0\" allowfullscreen=\"allowfullscreen\"><\/iframe><\/p>\n","protected":false},"excerpt":{"rendered":"<p>Preparem o cora\u00e7\u00e3o e o bolso. A maravilhosa Rihanna far\u00e1 show em Salvador no dia 9 de setembro. A informa\u00e7\u00e3o foi divulgada no Twitter do jornalista [&hellip;]<\/p>\n","protected":false},"author":1,"featured_media":3819,"comment_status":"open","ping_status":"open","sticky":false,"template":"","format":"standard","meta":{"footnotes":""},"categories":[80,26],"tags":[],"class_list":["post-3817","post","type-post","status-publish","format-standard","has-post-thumbnail","hentry","category-home","category-me-inspiro"],"_links":{"self":[{"href":"https:\/\/blogs.correio24horas.com.br\/mesalte\/wp-json\/wp\/v2\/posts\/3817","targetHints":{"allow":["GET"]}}],"collection":[{"href":"https:\/\/blogs.correio24horas.com.br\/mesalte\/wp-json\/wp\/v2\/posts"}],"about":[{"href":"https:\/\/blogs.correio24horas.com.br\/mesalte\/wp-json\/wp\/v2\/types\/post"}],"author":[{"embeddable":true,"href":"https:\/\/blogs.correio24horas.com.br\/mesalte\/wp-json\/wp\/v2\/users\/1"}],"replies":[{"embeddable":true,"href":"https:\/\/blogs.correio24horas.com.br\/mesalte\/wp-json\/wp\/v2\/comments?post=3817"}],"version-history":[{"count":11,"href":"https:\/\/blogs.correio24horas.com.br\/mesalte\/wp-json\/wp\/v2\/posts\/3817\/revisions"}],"predecessor-version":[{"id":10704,"href":"https:\/\/blogs.correio24horas.com.br\/mesalte\/wp-json\/wp\/v2\/posts\/3817\/revisions\/10704"}],"wp:featuredmedia":[{"embeddable":true,"href":"https:\/\/blogs.correio24horas.com.br\/mesalte\/wp-json\/wp\/v2\/media\/3819"}],"wp:attachment":[{"href":"https:\/\/blogs.correio24horas.com.br\/mesalte\/wp-json\/wp\/v2\/media?parent=3817"}],"wp:term":[{"taxonomy":"category","embeddable":true,"href":"https:\/\/blogs.correio24horas.com.br\/mesalte\/wp-json\/wp\/v2\/categories?post=3817"},{"taxonomy":"post_tag","embeddable":true,"href":"https:\/\/blogs.correio24horas.com.br\/mesalte\/wp-json\/wp\/v2\/tags?post=3817"}],"curies":[{"name":"wp","href":"https:\/\/api.w.org\/{rel}","templated":true}]}}