{"id":3813,"date":"2016-05-16T13:28:50","date_gmt":"2016-05-16T16:28:50","guid":{"rendered":"http:\/\/www.correio24horas.com.br\/blogs\/mesalte\/?p=3813"},"modified":"2016-05-16T13:43:57","modified_gmt":"2016-05-16T16:43:57","slug":"peca-brasileira-que-causou-polemica-com-exploracao-anal-ira-a-alemanha","status":"publish","type":"post","link":"https:\/\/blogs.correio24horas.com.br\/mesalte\/peca-brasileira-que-causou-polemica-com-exploracao-anal-ira-a-alemanha\/","title":{"rendered":"Pe\u00e7a brasileira que causou pol\u00eamica com explora\u00e7\u00e3o anal ir\u00e1 \u00e0 \u00a0 Alemanha"},"content":{"rendered":"<p>O espet\u00e1culo Macaquinhos ter\u00e1 participa\u00e7\u00e3o em evento internacional, na Alemanha, no m\u00eas de junho.A exposi\u00e7\u00e3o do espet\u00e1culo, que mostra intera\u00e7\u00e3o de pessoas nuas explorando os \u00e2nus uns dos outros, chocou a sociedade ap\u00f3s uma apresenta\u00e7\u00e3o na 17\u00aa edi\u00e7\u00e3o da Mostra Sesc Cariri de Culturas. Em novembro de 2015, quando apresentaram-se em Juazeiro do Norte, no Cear\u00e1, os artistas sofreram preconceito e cr\u00edticas. Na \u00e9poca, propagaram-se em redes sociais imagens e v\u00eddeos de apresenta\u00e7\u00f5es anteriores com reclama\u00e7\u00f5es sobre a tem\u00e1tica e pelo fato dos artistas colocarem o dedo nos \u00e2nus dos outros.<\/p>\n<p>As apresenta\u00e7\u00f5es s\u00e3o inspiradas no livro O Povo Brasileiro\u009d, de Darcy Ribeiro. Na pe\u00e7a, os artistas ficam nus e exploram os cus uns dos outros no princ\u00edpio de aprender que existe cu; aprender a ir para o cu; e aprender a partir do cu e com o cu\u009d.\u00c2\u00a0O projeto, de S\u00e3o Paulo, nasceu em 2011 com uma interven\u00e7\u00e3o no Museu do Piau\u00ed e ter\u00e1 cinco apresenta\u00e7\u00f5es na Alemanha durante o m\u00eas de junho de 2016. De 1 a 3 de junho ser\u00e1 na cidade de Hamburgo, e dias 7 e 8 em Frankfurt. As performances integram o Projeto Brasil \u201c Tropicalypse Now!, uma mostra com grandes nomes da cena contempor\u00e2nea de dan\u00e7a, teatro, artes visuais e performance do Brasil.<\/p>\n","protected":false},"excerpt":{"rendered":"<p>O espet\u00e1culo Macaquinhos ter\u00e1 participa\u00e7\u00e3o em evento internacional, na Alemanha, no m\u00eas de junho.A exposi\u00e7\u00e3o do espet\u00e1culo, que mostra intera\u00e7\u00e3o de pessoas nuas explorando os \u00e2nus [&hellip;]<\/p>\n","protected":false},"author":1,"featured_media":3814,"comment_status":"open","ping_status":"open","sticky":false,"template":"","format":"standard","meta":{"footnotes":""},"categories":[80,16],"tags":[],"class_list":["post-3813","post","type-post","status-publish","format-standard","has-post-thumbnail","hentry","category-home","category-me-jogo"],"_links":{"self":[{"href":"https:\/\/blogs.correio24horas.com.br\/mesalte\/wp-json\/wp\/v2\/posts\/3813","targetHints":{"allow":["GET"]}}],"collection":[{"href":"https:\/\/blogs.correio24horas.com.br\/mesalte\/wp-json\/wp\/v2\/posts"}],"about":[{"href":"https:\/\/blogs.correio24horas.com.br\/mesalte\/wp-json\/wp\/v2\/types\/post"}],"author":[{"embeddable":true,"href":"https:\/\/blogs.correio24horas.com.br\/mesalte\/wp-json\/wp\/v2\/users\/1"}],"replies":[{"embeddable":true,"href":"https:\/\/blogs.correio24horas.com.br\/mesalte\/wp-json\/wp\/v2\/comments?post=3813"}],"version-history":[{"count":2,"href":"https:\/\/blogs.correio24horas.com.br\/mesalte\/wp-json\/wp\/v2\/posts\/3813\/revisions"}],"predecessor-version":[{"id":3816,"href":"https:\/\/blogs.correio24horas.com.br\/mesalte\/wp-json\/wp\/v2\/posts\/3813\/revisions\/3816"}],"wp:featuredmedia":[{"embeddable":true,"href":"https:\/\/blogs.correio24horas.com.br\/mesalte\/wp-json\/wp\/v2\/media\/3814"}],"wp:attachment":[{"href":"https:\/\/blogs.correio24horas.com.br\/mesalte\/wp-json\/wp\/v2\/media?parent=3813"}],"wp:term":[{"taxonomy":"category","embeddable":true,"href":"https:\/\/blogs.correio24horas.com.br\/mesalte\/wp-json\/wp\/v2\/categories?post=3813"},{"taxonomy":"post_tag","embeddable":true,"href":"https:\/\/blogs.correio24horas.com.br\/mesalte\/wp-json\/wp\/v2\/tags?post=3813"}],"curies":[{"name":"wp","href":"https:\/\/api.w.org\/{rel}","templated":true}]}}