{"id":3808,"date":"2016-05-15T21:20:25","date_gmt":"2016-05-16T00:20:25","guid":{"rendered":"http:\/\/www.correio24horas.com.br\/blogs\/mesalte\/?p=3808"},"modified":"2016-05-15T21:30:07","modified_gmt":"2016-05-16T00:30:07","slug":"estudantes-gays-sao-agredidos-e-roubados-dentro-de-universidade-federal","status":"publish","type":"post","link":"https:\/\/blogs.correio24horas.com.br\/mesalte\/estudantes-gays-sao-agredidos-e-roubados-dentro-de-universidade-federal\/","title":{"rendered":"Estudantes gays s\u00e3o agredidos e roubados dentro de universidade federal"},"content":{"rendered":"<p>Estudantes gays da Universidade Federal de S\u00e3o Carlos (UFSCar) relataram, pelas redes sociais, que foram agredidos &#8211; verbal e fisicamente &#8211; e roubados durante um evento dentro da institui\u00e7\u00e3o de ensino no \u00faltimo s\u00e1bado (14). Pelo menos 5 relatos diferentes de agress\u00f5es foram feitas por universit\u00e1rios em grupos do Facebook da UFSCar, que fica na cidade de S\u00e3o Carlos no interior de S\u00e3o Paulo.<\/p>\n<p>Um estudante contou\u00c2\u00a0que chegou a ser agredido por um grupo com mais de 10 pessoas. &#8220;Nos jogaram no ch\u00e3o e nos chutaram, distribu\u00edram socos e tudo mais. Al\u00e9m de nos ferir fisicamente, ainda feriram nossa moral, nos colocaram em uma situa\u00e7\u00e3o humilhante. Ningu\u00e9m \u00e9 digno de sofrer uma agress\u00e3o gratuita, ali\u00e1s nem um tipo de agress\u00e3o, principalmente quando n\u00e3o existe um motivo palp\u00e1vel para que isso aconte\u00e7a, n\u00e3o sei se o ato foi pelo motivo de sermos homossexuais, por\u00e9m me senti impotente, estou amedrontado e me sentindo extremamente indignado\u009d, escreveu um estudante.<\/p>\n<p>Outro relatou, em postagem no Facebook, que foi roubado: Est\u00e1vamos em grupo de amigos e meu namorado com o aparelho na m\u00e3o. Passaram tr\u00eas pessoas ao lado e uma delas pegou o celular e continuou andando como se nada tivesse acontecido. Eu quis ir atr\u00e1s, mas meu namorado n\u00e3o deixou porque disse que poderia ficar pior. Como de fato ficou. Percebi que o alvo desse grupo era contra os gays, principalmente depois que soube dos casos de agress\u00f5es\u009d.<\/p>\n<p>Ao portal G1, a Pol\u00edcia Militar de Santa Catarina informou que n\u00e3o recebeu nenhuma den\u00fancia. Em nota, a reitoria da UFSCar lamentou o fato e informou que vai apurar o caso.<\/p>\n<p><strong>Leia Mais:<\/strong><br \/>\n<a href=\"http:\/\/www.correio24horas.com.br\/blogs\/mesalte\/estudante-de-psicologia-e-sequestrado-agredido-e-estuprado-em-ataque-homofobico\/\" target=\"_blank\">Estudante de Psicologia \u00e9 sequestrado, agredido e estuprado por tr\u00eas homens<\/a><\/p>\n","protected":false},"excerpt":{"rendered":"<p>Estudantes gays da Universidade Federal de S\u00e3o Carlos (UFSCar) relataram, pelas redes sociais, que foram agredidos &#8211; verbal e fisicamente &#8211; e roubados durante um evento [&hellip;]<\/p>\n","protected":false},"author":1,"featured_media":3809,"comment_status":"open","ping_status":"open","sticky":false,"template":"","format":"standard","meta":{"footnotes":""},"categories":[80,11],"tags":[251,250],"class_list":["post-3808","post","type-post","status-publish","format-standard","has-post-thumbnail","hentry","category-home","category-me-informo","tag-homofobianaufscar","tag-ufscar"],"_links":{"self":[{"href":"https:\/\/blogs.correio24horas.com.br\/mesalte\/wp-json\/wp\/v2\/posts\/3808","targetHints":{"allow":["GET"]}}],"collection":[{"href":"https:\/\/blogs.correio24horas.com.br\/mesalte\/wp-json\/wp\/v2\/posts"}],"about":[{"href":"https:\/\/blogs.correio24horas.com.br\/mesalte\/wp-json\/wp\/v2\/types\/post"}],"author":[{"embeddable":true,"href":"https:\/\/blogs.correio24horas.com.br\/mesalte\/wp-json\/wp\/v2\/users\/1"}],"replies":[{"embeddable":true,"href":"https:\/\/blogs.correio24horas.com.br\/mesalte\/wp-json\/wp\/v2\/comments?post=3808"}],"version-history":[{"count":3,"href":"https:\/\/blogs.correio24horas.com.br\/mesalte\/wp-json\/wp\/v2\/posts\/3808\/revisions"}],"predecessor-version":[{"id":3812,"href":"https:\/\/blogs.correio24horas.com.br\/mesalte\/wp-json\/wp\/v2\/posts\/3808\/revisions\/3812"}],"wp:featuredmedia":[{"embeddable":true,"href":"https:\/\/blogs.correio24horas.com.br\/mesalte\/wp-json\/wp\/v2\/media\/3809"}],"wp:attachment":[{"href":"https:\/\/blogs.correio24horas.com.br\/mesalte\/wp-json\/wp\/v2\/media?parent=3808"}],"wp:term":[{"taxonomy":"category","embeddable":true,"href":"https:\/\/blogs.correio24horas.com.br\/mesalte\/wp-json\/wp\/v2\/categories?post=3808"},{"taxonomy":"post_tag","embeddable":true,"href":"https:\/\/blogs.correio24horas.com.br\/mesalte\/wp-json\/wp\/v2\/tags?post=3808"}],"curies":[{"name":"wp","href":"https:\/\/api.w.org\/{rel}","templated":true}]}}