{"id":3777,"date":"2016-05-15T14:54:50","date_gmt":"2016-05-15T17:54:50","guid":{"rendered":"http:\/\/www.correio24horas.com.br\/blogs\/mesalte\/?p=3777"},"modified":"2016-05-15T14:57:53","modified_gmt":"2016-05-15T17:57:53","slug":"marcia-castro-vai-cantar-hino-nacional-na-abertura-da-15a-parada-lgbt-da-bahia","status":"publish","type":"post","link":"https:\/\/blogs.correio24horas.com.br\/mesalte\/marcia-castro-vai-cantar-hino-nacional-na-abertura-da-15a-parada-lgbt-da-bahia\/","title":{"rendered":"M\u00e1rcia Castro vai cantar Hino Nacional na Parada LGBT da Bahia"},"content":{"rendered":"<p class=\"bodytext\">A baiana\u00c2\u00a0M\u00e1rcia Castro foi o nome escolhido pelo Grupo Gay da Bahia (GGB) para cantar o Hino Nacional na cerim\u00f4nia de abertura da 15\u00aa Parada do Orgulho LGBT da Bahia. O evento, que\u00c2\u00a0acontece no\u00c2\u00a0dia 11 de setembro, no Centro de Salvador, ter\u00e1 como madrinha\u00c2\u00a0a secret\u00e1ria municipal de Ordem P\u00fablica Rosemma Maluf, que foi escolhida em enquete do Me Salte, e o jornalista Alex Lopes, como padrinho. Os dois ser\u00e3o respons\u00e1veis por comandar o in\u00edcio do desfile dos trios, que seguir\u00e3o pela Avenida Sete de Setembro, sentido Pra\u00e7a Castro Alves e retornar\u00e3o ao Campo Grande pela Rua Carlos Gomes.<\/p>\n<p class=\"bodytext\">[M\u00e1rcia Castro] \u00c9\u00c2\u00a0uma cantora que usa sua arte para ajudar fazer do mundo um lugar bom de viver\u009d, declarou Marcelo Cerqueira, presidente do GGB, explicando o convite feito e a confirma\u00e7\u00e3o da cantora em aderir ao evento.<\/p>\n<div>\n<p class=\"bodytext\">A execu\u00e7\u00e3o do Hino Nacional Brasileiro vai acontecer logo ap\u00f3s forma\u00e7\u00e3o da linha de convidados, quando todos j\u00e1 estiverem em seus lugares. O Hino Nacional vem sendo executado desde a primeira edi\u00e7\u00e3o do evento em 2001. Esse ano, no entanto, a execu\u00e7\u00e3o dele n\u00e3o dar\u00e1 in\u00edcio ao\u00c2\u00a0cortejo dos trios, mas sim \u00e0 \u00a0\u00c2\u00a0abertura oficial do evento.<\/p>\n<\/div>\n<div>\n<p class=\"bodytext\">O cortejo dos trios tem inicio \u00e1s 15h40 seguindo at\u00e9 20h conforme ajuste operacional entre a organiza\u00e7\u00e3o e a Pol\u00edcia Militar. A\u00c2\u00a0Parada LGBT da Bahia\u00c2\u00a0\u00e9 uma realiza\u00e7\u00e3o do GGB com apoio da Prefeitura do Salvador e Governo da Bahia, por meio da Bahiatursa, Secretaria de Sa\u00fade, Cultura, Direitos Humanos e Turismo.<\/p>\n<\/div>\n","protected":false},"excerpt":{"rendered":"<p>A baiana\u00c2\u00a0M\u00e1rcia Castro foi o nome escolhido pelo Grupo Gay da Bahia (GGB) para cantar o Hino Nacional na cerim\u00f4nia de abertura da 15\u00aa Parada do [&hellip;]<\/p>\n","protected":false},"author":1,"featured_media":3778,"comment_status":"open","ping_status":"open","sticky":false,"template":"","format":"standard","meta":{"footnotes":""},"categories":[80,9],"tags":[],"class_list":["post-3777","post","type-post","status-publish","format-standard","has-post-thumbnail","hentry","category-home","category-me-orgulho"],"_links":{"self":[{"href":"https:\/\/blogs.correio24horas.com.br\/mesalte\/wp-json\/wp\/v2\/posts\/3777","targetHints":{"allow":["GET"]}}],"collection":[{"href":"https:\/\/blogs.correio24horas.com.br\/mesalte\/wp-json\/wp\/v2\/posts"}],"about":[{"href":"https:\/\/blogs.correio24horas.com.br\/mesalte\/wp-json\/wp\/v2\/types\/post"}],"author":[{"embeddable":true,"href":"https:\/\/blogs.correio24horas.com.br\/mesalte\/wp-json\/wp\/v2\/users\/1"}],"replies":[{"embeddable":true,"href":"https:\/\/blogs.correio24horas.com.br\/mesalte\/wp-json\/wp\/v2\/comments?post=3777"}],"version-history":[{"count":2,"href":"https:\/\/blogs.correio24horas.com.br\/mesalte\/wp-json\/wp\/v2\/posts\/3777\/revisions"}],"predecessor-version":[{"id":3780,"href":"https:\/\/blogs.correio24horas.com.br\/mesalte\/wp-json\/wp\/v2\/posts\/3777\/revisions\/3780"}],"wp:featuredmedia":[{"embeddable":true,"href":"https:\/\/blogs.correio24horas.com.br\/mesalte\/wp-json\/wp\/v2\/media\/3778"}],"wp:attachment":[{"href":"https:\/\/blogs.correio24horas.com.br\/mesalte\/wp-json\/wp\/v2\/media?parent=3777"}],"wp:term":[{"taxonomy":"category","embeddable":true,"href":"https:\/\/blogs.correio24horas.com.br\/mesalte\/wp-json\/wp\/v2\/categories?post=3777"},{"taxonomy":"post_tag","embeddable":true,"href":"https:\/\/blogs.correio24horas.com.br\/mesalte\/wp-json\/wp\/v2\/tags?post=3777"}],"curies":[{"name":"wp","href":"https:\/\/api.w.org\/{rel}","templated":true}]}}