{"id":3763,"date":"2016-05-13T15:43:34","date_gmt":"2016-05-13T18:43:34","guid":{"rendered":"http:\/\/www.correio24horas.com.br\/blogs\/mesalte\/?p=3763"},"modified":"2016-05-13T15:43:34","modified_gmt":"2016-05-13T18:43:34","slug":"patricia-abravanel-diz-que-ficou-assustada-apos-polemicas-com-gays-percebi-que-ainda-tenho-muito-que-aprender","status":"publish","type":"post","link":"https:\/\/blogs.correio24horas.com.br\/mesalte\/patricia-abravanel-diz-que-ficou-assustada-apos-polemicas-com-gays-percebi-que-ainda-tenho-muito-que-aprender\/","title":{"rendered":"Patr\u00edcia Abravanel diz que ficou assustada ap\u00f3s pol\u00eamicas com gays: &#8220;percebi que ainda tenho muito que aprender&#8221;"},"content":{"rendered":"<p>Depois que disse, no \u00faltimo domingo, n\u00e3o achar &#8216;normal&#8217; as rela\u00e7\u00f5es gay, a apresentadora Patr\u00edcia Abravanel, filha de Silvio Santos, se viu no meio do furac\u00e3o. Ontem, pelo seu instagram pessoal,\u00c2\u00a0Patr\u00edcia admitiu que tem muito a aprender\u009d e pediu perd\u00e3o.\u00c2\u00a0Fiquei muito assustada com a repercuss\u00e3o do que falei no \u00faltimo domingo. Fui me aprofundar sobre o assunto e percebi que tenho muito o que aprender. N\u00e3o queria ter causado dor, disc\u00f3rdia e muito menos fomentar a intoler\u00e2ncia e o preconceito. Meu desejo como pessoa p\u00fablica \u00e9 levar alegria, promover o amor, compaix\u00e3o e o respeito entre as pessoas na esperan\u00e7a de dias melhores. Do fundo do meu cora\u00e7\u00e3o pe\u00e7o perd\u00e3o. E assim seguimos a vida\u00a6 Aprendendo\u009d, disse na legenda da foto.<\/p>\n<p><strong>Leia Mais&gt;&gt;<\/strong><br \/>\n<a href=\"http:\/\/www.correio24horas.com.br\/blogs\/mesalte\/sou-contra-falar-que-e-normal-diz-patricia-abravanel-filha-evangelica-de-silvio-santos-sobre-relacao-gay\/\" target=\"_blank\">Sou contra falar que \u00e9 normal\u009d, diz Patr\u00edcia Abravanel, filha evang\u00e9lica de Silvio Santos, sobre rela\u00e7\u00e3o gay\u00c2\u00a0<\/a><\/p>\n<p>&nbsp;<\/p>\n<p>&nbsp;<\/p>\n","protected":false},"excerpt":{"rendered":"<p>Depois que disse, no \u00faltimo domingo, n\u00e3o achar &#8216;normal&#8217; as rela\u00e7\u00f5es gay, a apresentadora Patr\u00edcia Abravanel, filha de Silvio Santos, se viu no meio do furac\u00e3o. [&hellip;]<\/p>\n","protected":false},"author":1,"featured_media":3607,"comment_status":"open","ping_status":"open","sticky":false,"template":"","format":"standard","meta":{"footnotes":""},"categories":[80,11],"tags":[],"class_list":["post-3763","post","type-post","status-publish","format-standard","has-post-thumbnail","hentry","category-home","category-me-informo"],"_links":{"self":[{"href":"https:\/\/blogs.correio24horas.com.br\/mesalte\/wp-json\/wp\/v2\/posts\/3763","targetHints":{"allow":["GET"]}}],"collection":[{"href":"https:\/\/blogs.correio24horas.com.br\/mesalte\/wp-json\/wp\/v2\/posts"}],"about":[{"href":"https:\/\/blogs.correio24horas.com.br\/mesalte\/wp-json\/wp\/v2\/types\/post"}],"author":[{"embeddable":true,"href":"https:\/\/blogs.correio24horas.com.br\/mesalte\/wp-json\/wp\/v2\/users\/1"}],"replies":[{"embeddable":true,"href":"https:\/\/blogs.correio24horas.com.br\/mesalte\/wp-json\/wp\/v2\/comments?post=3763"}],"version-history":[{"count":1,"href":"https:\/\/blogs.correio24horas.com.br\/mesalte\/wp-json\/wp\/v2\/posts\/3763\/revisions"}],"predecessor-version":[{"id":3764,"href":"https:\/\/blogs.correio24horas.com.br\/mesalte\/wp-json\/wp\/v2\/posts\/3763\/revisions\/3764"}],"wp:featuredmedia":[{"embeddable":true,"href":"https:\/\/blogs.correio24horas.com.br\/mesalte\/wp-json\/wp\/v2\/media\/3607"}],"wp:attachment":[{"href":"https:\/\/blogs.correio24horas.com.br\/mesalte\/wp-json\/wp\/v2\/media?parent=3763"}],"wp:term":[{"taxonomy":"category","embeddable":true,"href":"https:\/\/blogs.correio24horas.com.br\/mesalte\/wp-json\/wp\/v2\/categories?post=3763"},{"taxonomy":"post_tag","embeddable":true,"href":"https:\/\/blogs.correio24horas.com.br\/mesalte\/wp-json\/wp\/v2\/tags?post=3763"}],"curies":[{"name":"wp","href":"https:\/\/api.w.org\/{rel}","templated":true}]}}