{"id":3751,"date":"2016-05-13T12:04:12","date_gmt":"2016-05-13T15:04:12","guid":{"rendered":"http:\/\/www.correio24horas.com.br\/blogs\/mesalte\/?p=3751"},"modified":"2016-05-13T12:11:16","modified_gmt":"2016-05-13T15:11:16","slug":"sextas-de-maio-serao-dedicadas-a-diversidade-no-centro-lgbt-no-rio-vermelho","status":"publish","type":"post","link":"https:\/\/blogs.correio24horas.com.br\/mesalte\/sextas-de-maio-serao-dedicadas-a-diversidade-no-centro-lgbt-no-rio-vermelho\/","title":{"rendered":"Sextas de maio ser\u00e3o dedicadas \u00e0 \u00a0 diversidade no\u00c2\u00a0Centro LGBT, no Rio Vermelho"},"content":{"rendered":"<p>O Centro Municipal de Refer\u00eancia LGBT de Salvador\u00c2\u00a0realiza, a partir de hoje, o projeto Sexta da Diversidade. O evento\u00c2\u00a0\u00c2\u00a0acontecer\u00e1 todas as sextas-feiras do m\u00eas de maio no audit\u00f3rio do espa\u00e7o, que fica localizado no Rio Vermelho integrando o calend\u00e1rio do programa Maio da Diversidade.<\/p>\n<p>Hoje, \u00e0 \u00a0s 14h, o debate vai tratar sobre direitos de personalidade e ser\u00e1 ministrado pelo advogado Jorge de Jesus, especialista em LGBT. O tema ser\u00e1 &#8220;Eu tenho direito de ser quem eu sou&#8221;. No dia 20, tamb\u00e9m \u00e0 \u00a0s 14h, o palestrante \u00e9 o Dr. Tonyi Frank, supervisor do Balc\u00e3o de Justi\u00e7a e Cidadania das Prefeituras-bairro do Cabula e Pau da Lima que vai falar sobre &#8220;Dignidade Humana e Casamento Homoafetivo&#8221;.<\/p>\n<p>J\u00e1 na \u00faltima sexta-feira de maio, dia 27, ser\u00e1 realizada uma oficina sobre transformismo com Dion Santyago, arquiteta, urbanista e empres\u00e1ria.\u00c2\u00a0O evento \u00e9 aberto para todos os p\u00fablicos, independente de g\u00eanero ou idade. O Centro de Refer\u00eancia LGBT fica localizado na Avenida Oce\u00e2nica, 3731, Rio Vermelho.\u00c2\u00a0Mais informa\u00e7\u00f5es pelo\u00c2\u00a0\u00c2\u00a03202-2750\/2758.<\/p>\n","protected":false},"excerpt":{"rendered":"<p>O Centro Municipal de Refer\u00eancia LGBT de Salvador\u00c2\u00a0realiza, a partir de hoje, o projeto Sexta da Diversidade. O evento\u00c2\u00a0\u00c2\u00a0acontecer\u00e1 todas as sextas-feiras do m\u00eas de maio [&hellip;]<\/p>\n","protected":false},"author":1,"featured_media":3752,"comment_status":"open","ping_status":"open","sticky":false,"template":"","format":"standard","meta":{"footnotes":""},"categories":[80,16],"tags":[],"class_list":["post-3751","post","type-post","status-publish","format-standard","has-post-thumbnail","hentry","category-home","category-me-jogo"],"_links":{"self":[{"href":"https:\/\/blogs.correio24horas.com.br\/mesalte\/wp-json\/wp\/v2\/posts\/3751","targetHints":{"allow":["GET"]}}],"collection":[{"href":"https:\/\/blogs.correio24horas.com.br\/mesalte\/wp-json\/wp\/v2\/posts"}],"about":[{"href":"https:\/\/blogs.correio24horas.com.br\/mesalte\/wp-json\/wp\/v2\/types\/post"}],"author":[{"embeddable":true,"href":"https:\/\/blogs.correio24horas.com.br\/mesalte\/wp-json\/wp\/v2\/users\/1"}],"replies":[{"embeddable":true,"href":"https:\/\/blogs.correio24horas.com.br\/mesalte\/wp-json\/wp\/v2\/comments?post=3751"}],"version-history":[{"count":1,"href":"https:\/\/blogs.correio24horas.com.br\/mesalte\/wp-json\/wp\/v2\/posts\/3751\/revisions"}],"predecessor-version":[{"id":3753,"href":"https:\/\/blogs.correio24horas.com.br\/mesalte\/wp-json\/wp\/v2\/posts\/3751\/revisions\/3753"}],"wp:featuredmedia":[{"embeddable":true,"href":"https:\/\/blogs.correio24horas.com.br\/mesalte\/wp-json\/wp\/v2\/media\/3752"}],"wp:attachment":[{"href":"https:\/\/blogs.correio24horas.com.br\/mesalte\/wp-json\/wp\/v2\/media?parent=3751"}],"wp:term":[{"taxonomy":"category","embeddable":true,"href":"https:\/\/blogs.correio24horas.com.br\/mesalte\/wp-json\/wp\/v2\/categories?post=3751"},{"taxonomy":"post_tag","embeddable":true,"href":"https:\/\/blogs.correio24horas.com.br\/mesalte\/wp-json\/wp\/v2\/tags?post=3751"}],"curies":[{"name":"wp","href":"https:\/\/api.w.org\/{rel}","templated":true}]}}