{"id":3636,"date":"2016-05-10T10:25:22","date_gmt":"2016-05-10T13:25:22","guid":{"rendered":"http:\/\/www.correio24horas.com.br\/blogs\/mesalte\/?p=3636"},"modified":"2016-05-10T10:29:47","modified_gmt":"2016-05-10T13:29:47","slug":"luana-piovani-grava-video-criticando-patricia-abravanel-em-fala-sobre-gayspra-mim-e-normal","status":"publish","type":"post","link":"https:\/\/blogs.correio24horas.com.br\/mesalte\/luana-piovani-grava-video-criticando-patricia-abravanel-em-fala-sobre-gayspra-mim-e-normal\/","title":{"rendered":"Luana Piovani grava v\u00eddeo criticando Patr\u00edcia Abravanel em fala sobre gays: &#8220;Pra mim \u00e9 normal&#8221;"},"content":{"rendered":"<p>A atriz e modelo Luana Piovani divulgou um v\u00eddeo criticando as declara\u00e7\u00f5es da apresentadora Patr\u00edcia Abravanel que disse, no \u00faltimo domingo,<a href=\"http:\/\/www.correio24horas.com.br\/blogs\/mesalte\/sou-contra-falar-que-e-normal-diz-patricia-abravanel-filha-evangelica-de-silvio-santos-sobre-relacao-gay\/\" target=\"_blank\"> n\u00e3o considerar normal rela\u00e7\u00e3o entre os gays.<\/a> &#8220;Ela, como comunicadora, tem a responsabilidade de medir as palavras. Ela n\u00e3o est\u00e1 na mesa de um bar&#8221;, alfinetou Luana destacando que para ela &#8220;\u00e9 normal&#8221;.\u00c2\u00a0Ela enfatizou ainda o posicionamento que \u00e9 preconceito considerar as rela\u00e7\u00f5es entre gays anormais. &#8220;\u00c9 preconceito sim quando voc\u00ea diz que n\u00e3o \u00e9 normal (&#8230;) Anormal \u00e9 a falta de amor que n\u00f3s vivemos hoje. Isso \u00e9 anormal&#8221;, disse.\u00c2\u00a0Luana ainda lan\u00e7ous as hastags: #\u017dnaoAopreconceito\u00ac \u00aa#\u017dpreconceitoNao\u00e9opiniao\u00ac<\/p>\n<p><iframe loading=\"lazy\" style=\"border: none; overflow: hidden;\" src=\"https:\/\/www.facebook.com\/plugins\/video.php?href=https%3A%2F%2Fwww.facebook.com%2Fluanapiovanioficial%2Fvideos%2F726621527441074%2F&amp;show_text=0&amp;width=560\" width=\"560\" height=\"315\" frameborder=\"0\" scrolling=\"no\" allowfullscreen=\"allowfullscreen\"><\/iframe><\/p>\n","protected":false},"excerpt":{"rendered":"<p>A atriz e modelo Luana Piovani divulgou um v\u00eddeo criticando as declara\u00e7\u00f5es da apresentadora Patr\u00edcia Abravanel que disse, no \u00faltimo domingo, n\u00e3o considerar normal rela\u00e7\u00e3o entre [&hellip;]<\/p>\n","protected":false},"author":1,"featured_media":3637,"comment_status":"open","ping_status":"open","sticky":false,"template":"","format":"image","meta":{"footnotes":""},"categories":[28,80],"tags":[226],"class_list":["post-3636","post","type-post","status-publish","format-image","has-post-thumbnail","hentry","category-farofa-digital","category-home","tag-luanapiovani","post_format-post-format-image"],"_links":{"self":[{"href":"https:\/\/blogs.correio24horas.com.br\/mesalte\/wp-json\/wp\/v2\/posts\/3636","targetHints":{"allow":["GET"]}}],"collection":[{"href":"https:\/\/blogs.correio24horas.com.br\/mesalte\/wp-json\/wp\/v2\/posts"}],"about":[{"href":"https:\/\/blogs.correio24horas.com.br\/mesalte\/wp-json\/wp\/v2\/types\/post"}],"author":[{"embeddable":true,"href":"https:\/\/blogs.correio24horas.com.br\/mesalte\/wp-json\/wp\/v2\/users\/1"}],"replies":[{"embeddable":true,"href":"https:\/\/blogs.correio24horas.com.br\/mesalte\/wp-json\/wp\/v2\/comments?post=3636"}],"version-history":[{"count":2,"href":"https:\/\/blogs.correio24horas.com.br\/mesalte\/wp-json\/wp\/v2\/posts\/3636\/revisions"}],"predecessor-version":[{"id":3640,"href":"https:\/\/blogs.correio24horas.com.br\/mesalte\/wp-json\/wp\/v2\/posts\/3636\/revisions\/3640"}],"wp:featuredmedia":[{"embeddable":true,"href":"https:\/\/blogs.correio24horas.com.br\/mesalte\/wp-json\/wp\/v2\/media\/3637"}],"wp:attachment":[{"href":"https:\/\/blogs.correio24horas.com.br\/mesalte\/wp-json\/wp\/v2\/media?parent=3636"}],"wp:term":[{"taxonomy":"category","embeddable":true,"href":"https:\/\/blogs.correio24horas.com.br\/mesalte\/wp-json\/wp\/v2\/categories?post=3636"},{"taxonomy":"post_tag","embeddable":true,"href":"https:\/\/blogs.correio24horas.com.br\/mesalte\/wp-json\/wp\/v2\/tags?post=3636"}],"curies":[{"name":"wp","href":"https:\/\/api.w.org\/{rel}","templated":true}]}}