{"id":3478,"date":"2016-05-03T23:24:07","date_gmt":"2016-05-04T02:24:07","guid":{"rendered":"http:\/\/www.correio24horas.com.br\/blogs\/mesalte\/?p=3478"},"modified":"2016-05-03T23:27:11","modified_gmt":"2016-05-04T02:27:11","slug":"plano-estadual-de-educacao-sera-votado-nessa-quarta-feira-04-sem-referencia-a-genero-e-diversidade-sexual","status":"publish","type":"post","link":"https:\/\/blogs.correio24horas.com.br\/mesalte\/plano-estadual-de-educacao-sera-votado-nessa-quarta-feira-04-sem-referencia-a-genero-e-diversidade-sexual\/","title":{"rendered":"Plano Estadual de Educa\u00e7\u00e3o ser\u00e1 votado nessa quarta-feira (04) sem refer\u00eancia a g\u00eanero e diversidade sexual"},"content":{"rendered":"<p><em>Por\u00c2\u00a0Diogo Costa<\/em><\/p>\n<p>O novo Plano Estadual de Educa\u00e7\u00e3o (PEE) que apresentar\u00e1 as diretrizes para os conte\u00fados a serem ensinados nas escolas da rede estadual nos pr\u00f3ximos 10 anos ser\u00e1 votado nesta quarta-feira (04) sem refer\u00eancia a quest\u00f5es relacionadas a <a href=\"http:\/\/www.correio24horas.com.br\/blogs\/mesalte\/?p=3455\" target=\"_blank\">g\u00eanero e identidade sexual.<\/a> A decis\u00e3o foi tomada na noite desta ter\u00e7a-feira por deputados e representantes das Comiss\u00f5es de Constitui\u00e7\u00e3o e Justi\u00e7a; Direitos Humanos e Seguran\u00e7a P\u00fablica; Educa\u00e7\u00e3o, Cultura, Ci\u00eancia e Tecnologia e Servi\u00e7o P\u00fablico e de Finan\u00e7as, Or\u00e7amento, Fiscaliza\u00e7\u00e3o e Controle, da Assembleia Legislativa da Bahia (Alba).<\/p>\n<p>O texto original do PEE que previa a inclus\u00e3o dos debates foi alterado ap\u00f3s desacordo dentre deputados em artigos que especificavam sobre o debate de temas sobre g\u00eanero e sexualidade nas escolas. O deputado Pastor Sargento Isid\u00f3rio chegou a apresentar uma emenda contr\u00e1ria aos temas e que defendia o ensino do criacionismo, mas foi rejeitada pelos representantes das quatro comiss\u00f5es.<\/p>\n<p>N\u00e3o ter\u00edamos como admitir a emenda apresentada pelo deputado Isid\u00f3rio porque ela era inconstitucional e se distanciava do texto da constitui\u00e7\u00e3o que fala da laicidade do Estado. O que foi feito foi um ajuste no texto original para que tanto os contr\u00e1rios quanto os favor\u00e1veis fossem contempladas\u009d, disse o presidente da Comiss\u00e3o de Constitui\u00e7\u00e3o e Justi\u00e7a e dirigente do processo, deputado Joseildo Ramos (PT).<\/p>\n<p>A discuss\u00e3o entre os deputados precisou ser interrompida durante a manh\u00e3 por conta de manifesta\u00e7\u00e3o de grupos contr\u00e1rios e favor\u00e1veis \u00e0 \u00a0 emenda. Pela tarde, os deputados retomaram a discuss\u00e3o e uma nova emenda sugerindo a altera\u00e7\u00e3o de artigos com os termos \u02dcdiversidade sexual\u2122 e \u02dcg\u00eanero\u2122 por \u02dcrespeito \u00e0 \u00a0 diversidade\u2122.<\/p>\n<p>Para Leandro Colling, professor da Universidade Federal da Bahia (Ufba) e coordenador do Grupo de Pesquisa em Cultura e Sexualidade, a altera\u00e7\u00e3o do texto original, produzido no F\u00f3rum Estadual de Educa\u00e7\u00e3o por 48 entidades ligadas ao tema das minorias e educa\u00e7\u00e3o, representa uma derrota.<\/p>\n<p>N\u00e3o h\u00e1 mais nada sobre g\u00eanero e diversidade no plano. Foi retirado da proposta tudo que falava sobre g\u00eanero e identidade. Esses termos marcavam as quest\u00f5es que precisavam ser discutidas e foram substitu\u00eddos pelo termo guarda-chuva\u009d do respeito \u00e0 \u00a0 diversidade, que \u00e9 amplo e n\u00e3o delimita as quest\u00f5es como deveria. O movimento negro, por exemplo, tamb\u00e9m sai perdendo, porque marcadores envolvendo essa tem\u00e1tica tamb\u00e9m foram substitu\u00eddos\u009d, avaliou.<\/p>\n<p>Procurado, o deputado Isid\u00f3rio e a sua assessoria n\u00e3o responderam os contatos.<\/p>\n<p><strong>Leia mais sobre o assunto:<\/strong><br \/>\n<a href=\"http:\/\/www.correio24horas.com.br\/blogs\/mesalte\/?p=3166\" target=\"_blank\">Deputado quer excluir ensino de g\u00eanero nas escolas; Ato hoje, na Ufba, defende manuten\u00e7\u00e3o<br \/>\n<\/a><a href=\"http:\/\/www.correio24horas.com.br\/blogs\/mesalte\/?p=3166\" target=\"_blank\">Grupos pedem inclus\u00e3o do ensino de g\u00eanero nas escolas da Bahia<\/a><br \/>\n<a href=\"http:\/\/www.correio24horas.com.br\/blogs\/mesalte\/?p=3434\" target=\"_blank\">Entidades e universidades apoiam ensino de g\u00eanero nas escolas; Vota\u00e7\u00e3o na Assembleia ser\u00e1 amanh\u00e3<\/a><\/p>\n<p>&nbsp;<\/p>\n","protected":false},"excerpt":{"rendered":"<p>Por\u00c2\u00a0Diogo Costa O novo Plano Estadual de Educa\u00e7\u00e3o (PEE) que apresentar\u00e1 as diretrizes para os conte\u00fados a serem ensinados nas escolas da rede estadual nos pr\u00f3ximos [&hellip;]<\/p>\n","protected":false},"author":2,"featured_media":0,"comment_status":"open","ping_status":"open","sticky":false,"template":"","format":"standard","meta":{"footnotes":""},"categories":[80,11],"tags":[],"class_list":["post-3478","post","type-post","status-publish","format-standard","hentry","category-home","category-me-informo"],"_links":{"self":[{"href":"https:\/\/blogs.correio24horas.com.br\/mesalte\/wp-json\/wp\/v2\/posts\/3478","targetHints":{"allow":["GET"]}}],"collection":[{"href":"https:\/\/blogs.correio24horas.com.br\/mesalte\/wp-json\/wp\/v2\/posts"}],"about":[{"href":"https:\/\/blogs.correio24horas.com.br\/mesalte\/wp-json\/wp\/v2\/types\/post"}],"author":[{"embeddable":true,"href":"https:\/\/blogs.correio24horas.com.br\/mesalte\/wp-json\/wp\/v2\/users\/2"}],"replies":[{"embeddable":true,"href":"https:\/\/blogs.correio24horas.com.br\/mesalte\/wp-json\/wp\/v2\/comments?post=3478"}],"version-history":[{"count":3,"href":"https:\/\/blogs.correio24horas.com.br\/mesalte\/wp-json\/wp\/v2\/posts\/3478\/revisions"}],"predecessor-version":[{"id":3481,"href":"https:\/\/blogs.correio24horas.com.br\/mesalte\/wp-json\/wp\/v2\/posts\/3478\/revisions\/3481"}],"wp:attachment":[{"href":"https:\/\/blogs.correio24horas.com.br\/mesalte\/wp-json\/wp\/v2\/media?parent=3478"}],"wp:term":[{"taxonomy":"category","embeddable":true,"href":"https:\/\/blogs.correio24horas.com.br\/mesalte\/wp-json\/wp\/v2\/categories?post=3478"},{"taxonomy":"post_tag","embeddable":true,"href":"https:\/\/blogs.correio24horas.com.br\/mesalte\/wp-json\/wp\/v2\/tags?post=3478"}],"curies":[{"name":"wp","href":"https:\/\/api.w.org\/{rel}","templated":true}]}}