{"id":3434,"date":"2016-05-03T08:39:46","date_gmt":"2016-05-03T11:39:46","guid":{"rendered":"http:\/\/www.correio24horas.com.br\/blogs\/mesalte\/?p=3434"},"modified":"2016-05-03T08:39:46","modified_gmt":"2016-05-03T11:39:46","slug":"entidades-e-universidades-apoiam-ensino-de-genero-nas-escolas-votacao-na-assembleia-sera-amanha","status":"publish","type":"post","link":"https:\/\/blogs.correio24horas.com.br\/mesalte\/entidades-e-universidades-apoiam-ensino-de-genero-nas-escolas-votacao-na-assembleia-sera-amanha\/","title":{"rendered":"Entidades e universidades apoiam ensino de g\u00eanero nas escolas; Vota\u00e7\u00e3o na Assembleia ser\u00e1 amanh\u00e3"},"content":{"rendered":"<p>Come\u00e7a hoje, com reuni\u00f5es de comiss\u00f5es de deputados estaduais, a decis\u00e3o que antecede \u00c2\u00a0a vota\u00e7\u00e3o\u00c2\u00a0nessa quarta-feira (03)\u00c2\u00a0do Plano Estadual de Educa\u00e7\u00e3o (PEE) da Bahia. O plano tem sido envolvido em pol\u00eamica depois que o deputado <a href=\"http:\/\/www.correio24horas.com.br\/blogs\/mesalte\/?p=3166\" target=\"_blank\">Sargento Isid\u00f3rio<\/a> fez emenda ao texto original desenvolvido pelo F\u00f3rum Estadual de Educa\u00e7\u00e3o (que re\u00fane 48 entidades) pedindo que fossem retirados o ensino de g\u00eanero e sexualidade das escolas do estado. Ontem, entidades e universidades declararam apoio \u00e0 \u00a0 aprova\u00e7\u00e3o do plano com o conte\u00fado original, que inclui as diretrizes do ensino de g\u00eanero nas escolas por dez anos.\u00c2\u00a0O projeto dever\u00e1 ser votado, em plen\u00e1rio, \u00c2\u00a0na Assembleia Legislativa da Bahia amanh\u00e3 a partir das 14h.<\/p>\n<p>A Defensoria P\u00fablica da Uni\u00e3o e a Defensoria P\u00fablica da Bahia divulgou ontem nota t\u00e9cnica conjunta onde destacam que s\u00e3o inconstitucionais as emendas apresentadas pelo deputado.\u00c2\u00a0A nota, assinada por Erik Pal\u00e1cio, defensor p\u00fablico federal, e por Eva Rodrigues e Felipe Noya, defensora e defensor p\u00fablico estadual, foi protocolada ontem na Assembleia Legislativa.\u00c2\u00a0&#8220;O texto original est\u00e1 trazendo esses conte\u00fados n\u00e3o tem nenhuma ilegalidade. &#8220;, explica o defensor Erik Pal\u00e1cio, que \u00e9 coordenador do GT Identidade de G\u00eanero e Cidadania LGBT.<\/p>\n<p>A Universidade Federal da Bahia (Ufba) tamb\u00e9m declarou apoio \u00e0 \u00a0s quest\u00f5es de diversidade no ensino. O\u00c2\u00a0reitor Jo\u00e3o Carlos Salles afirmou que a Ufba, enquanto institui\u00e7\u00e3o cient\u00edfica dedicada ao ensino, pesquisa e extens\u00e3o, tem se posicionado firmemente &#8220;na defesa dos segmentos da popula\u00e7\u00e3o atingidos por discrimina\u00e7\u00f5es \u00e9tnicas, de g\u00eanero ou de orienta\u00e7\u00e3o sexual, incentivado estudos que levem ao conhecimento e \u00e0 \u00a0 compreens\u00e3o da tem\u00e1tica, destacando-se nesse campo o grupo de pesquisa Cultura e Sexualidade, vinculado ao Programa Multidisciplinar de P\u00f3s-Gradua\u00e7\u00e3o em Cultura e Sociedade&#8221;, disse.<\/p>\n<p>A declara\u00e7\u00e3o aconteceu durante encontro do reitor ontem na Reitoria que\u00c2\u00a0contou com a participa\u00e7\u00e3o de pesquisadores e gestores da Ufba, representantes do Instituto Federal da Bahia (Ifba), da Universidade Federal do Oeste da Bahia (Ufob), da Universidade Estadual da Bahia (Uneb), al\u00e9m de militantes de movimentos sociais, entre os quais o Coletivo Universit\u00e1rio Pela Diversidade Sexual Kiu!, Levante Popular da Juventude, M\u00e3es pela Diversidade, \u00c2\u00a0Associa\u00e7\u00e3o Nacional de Travestis e Transexuais e Associa\u00e7\u00e3o de Travestis de Salvador.<\/p>\n<p>Outra universidade que manifestou, atrav\u00e9s de nota, apoio ao PEE na vers\u00e3o original foi a Uneb. &#8220;Em conson\u00e2ncia com o hist\u00f3rico posicionamento de sua comunidade acad\u00eamica de defesa e promo\u00e7\u00e3o da diversidade em todas as manifesta\u00e7\u00f5es da vida humana \u201c diversidade de g\u00eanero, de orienta\u00e7\u00e3o sexual, cultural-religiosa, etnicorracial, etc. \u201c, esta Universidade reafirma seu total apoio ao PEE-BA constru\u00eddo coletivamente pelo F\u00f3rum Estadual de Educa\u00e7\u00e3o (FEE-BA), colegiado que re\u00fane dezenas de institui\u00e7\u00f5es \u201c entre as quais a UNEB \u201c, em di\u00e1logo permanente com variados setores da sociedade baiana, durante quase um ano&#8221;, divulgou a institui\u00e7\u00e3o.<\/p>\n<p><strong>Vota\u00e7\u00e3o<\/strong><br \/>\nA vota\u00e7\u00e3o do PEE acontecer\u00e1 amanh\u00e3 na Alba. A <a href=\"https:\/\/www.facebook.com\/bahiadiversa\" target=\"_blank\">Frente pr\u00f3-diversidade no Plano Estadual de Educa\u00e7\u00e3o da Bahia<\/a>, que est\u00e1 organizando apoio pela aprova\u00e7\u00e3o do PEE com os temas de g\u00eanero, est\u00e1 convocando as pessoas para irem para a Alba.<br \/>\nAl\u00e9m disso, est\u00e3o propondo uma a\u00e7\u00e3o nas redes sociais com a utiliza\u00e7\u00e3o das hashtags \u00aa#\u017dvaiterdiversidade\u00ac \u00aa#\u017dvaiterg\u00eanero\u00ac \u00aa#\u017ddemocracianaescola\u00ac e \u00aa#\u017docupaAlba<\/p>\n<p>&nbsp;<\/p>\n","protected":false},"excerpt":{"rendered":"<p>Come\u00e7a hoje, com reuni\u00f5es de comiss\u00f5es de deputados estaduais, a decis\u00e3o que antecede \u00c2\u00a0a vota\u00e7\u00e3o\u00c2\u00a0nessa quarta-feira (03)\u00c2\u00a0do Plano Estadual de Educa\u00e7\u00e3o (PEE) da Bahia. O plano [&hellip;]<\/p>\n","protected":false},"author":1,"featured_media":0,"comment_status":"open","ping_status":"open","sticky":false,"template":"","format":"standard","meta":{"footnotes":""},"categories":[80,11],"tags":[188,185,186,187],"class_list":["post-3434","post","type-post","status-publish","format-standard","hentry","category-home","category-me-informo","tag-ocupaalba","tag-vaiterdiversidade","tag-vaitergenero","tag-democracianaescola"],"_links":{"self":[{"href":"https:\/\/blogs.correio24horas.com.br\/mesalte\/wp-json\/wp\/v2\/posts\/3434","targetHints":{"allow":["GET"]}}],"collection":[{"href":"https:\/\/blogs.correio24horas.com.br\/mesalte\/wp-json\/wp\/v2\/posts"}],"about":[{"href":"https:\/\/blogs.correio24horas.com.br\/mesalte\/wp-json\/wp\/v2\/types\/post"}],"author":[{"embeddable":true,"href":"https:\/\/blogs.correio24horas.com.br\/mesalte\/wp-json\/wp\/v2\/users\/1"}],"replies":[{"embeddable":true,"href":"https:\/\/blogs.correio24horas.com.br\/mesalte\/wp-json\/wp\/v2\/comments?post=3434"}],"version-history":[{"count":3,"href":"https:\/\/blogs.correio24horas.com.br\/mesalte\/wp-json\/wp\/v2\/posts\/3434\/revisions"}],"predecessor-version":[{"id":3437,"href":"https:\/\/blogs.correio24horas.com.br\/mesalte\/wp-json\/wp\/v2\/posts\/3434\/revisions\/3437"}],"wp:attachment":[{"href":"https:\/\/blogs.correio24horas.com.br\/mesalte\/wp-json\/wp\/v2\/media?parent=3434"}],"wp:term":[{"taxonomy":"category","embeddable":true,"href":"https:\/\/blogs.correio24horas.com.br\/mesalte\/wp-json\/wp\/v2\/categories?post=3434"},{"taxonomy":"post_tag","embeddable":true,"href":"https:\/\/blogs.correio24horas.com.br\/mesalte\/wp-json\/wp\/v2\/tags?post=3434"}],"curies":[{"name":"wp","href":"https:\/\/api.w.org\/{rel}","templated":true}]}}